{"id":99601,"date":"2016-11-21T13:29:45","date_gmt":"2016-11-21T13:29:45","guid":{"rendered":"http:\/\/www.filharmonikusok.hu\/?p=99601"},"modified":"2016-11-21T14:44:41","modified_gmt":"2016-11-21T14:44:41","slug":"koszonetnyilvanitas","status":"publish","type":"post","link":"https:\/\/www.filharmonikusok.hu\/en\/koszonetnyilvanitas\/","title":{"rendered":"K\u00f6sz\u00f6netnyilv\u00e1n\u00edt\u00e1s"},"content":{"rendered":"<p style=\"text-align: left;\">A csal\u00e1d \u00e9s a Nemzeti Filharmonikusok ez \u00faton k\u00f6sz\u00f6nik meg azt a sok sz\u00e1z r\u00e9szv\u00e9tnyilv\u00e1n\u00edt\u00e1st, t\u00f6bb ezer sz\u00e1l vir\u00e1got, melyet Kocsis Zolt\u00e1n hal\u00e1la \u00e9s gy\u00e1szszertart\u00e1sa alkalm\u00e1b\u00f3l\u00a0tisztel\u0151i, kolleg\u00e1i\u00a0k\u00fcldtek \u00e9s helyeztek el f\u00e9nyk\u00e9p\u00e9n\u00e9l, ravatal\u00e1n\u00e1l. Ennyi egy\u00fctt\u00e9rz\u00e9s tudat\u00e1ban k\u00f6nnyebb a gy\u00e1szt elviselni.<\/p>\n<p><img loading=\"lazy\" decoding=\"async\" class=\"alignnone wp-image-99603\" src=\"http:\/\/www.filharmonikusok.hu\/wp-content\/uploads\/2016\/11\/MLA_2877_resize-KocsisZ-bucsuztato-161119-foto-Zeneakademia-kreditMudra-Laszlo-1024x683.jpg\" alt=\"mla_2877_resize-kocsisz-bucsuztato-161119-foto-zeneakademia-kreditmudra-laszlo\" width=\"750\" height=\"500\" srcset=\"https:\/\/www.filharmonikusok.hu\/wp-content\/uploads\/2016\/11\/MLA_2877_resize-KocsisZ-bucsuztato-161119-foto-Zeneakademia-kreditMudra-Laszlo-1024x683.jpg 1024w, https:\/\/www.filharmonikusok.hu\/wp-content\/uploads\/2016\/11\/MLA_2877_resize-KocsisZ-bucsuztato-161119-foto-Zeneakademia-kreditMudra-Laszlo-300x200.jpg 300w, https:\/\/www.filharmonikusok.hu\/wp-content\/uploads\/2016\/11\/MLA_2877_resize-KocsisZ-bucsuztato-161119-foto-Zeneakademia-kreditMudra-Laszlo-768x512.jpg 768w, https:\/\/www.filharmonikusok.hu\/wp-content\/uploads\/2016\/11\/MLA_2877_resize-KocsisZ-bucsuztato-161119-foto-Zeneakademia-kreditMudra-Laszlo.jpg 2048w\" sizes=\"auto, (max-width: 750px) 100vw, 750px\" \/><\/p>\n<p><img loading=\"lazy\" decoding=\"async\" class=\"alignnone wp-image-99605\" src=\"http:\/\/www.filharmonikusok.hu\/wp-content\/uploads\/2016\/11\/MLA_3276_resize-KocsisZ-bucsuztato-161119-foto-Zeneakademiakredit-Mudra-Laszlo-300x200.jpg\" alt=\"mla_3276_resize-kocsisz-bucsuztato-161119-foto-zeneakademiakredit-mudra-laszlo\" width=\"750\" height=\"500\" srcset=\"https:\/\/www.filharmonikusok.hu\/wp-content\/uploads\/2016\/11\/MLA_3276_resize-KocsisZ-bucsuztato-161119-foto-Zeneakademiakredit-Mudra-Laszlo-300x200.jpg 300w, https:\/\/www.filharmonikusok.hu\/wp-content\/uploads\/2016\/11\/MLA_3276_resize-KocsisZ-bucsuztato-161119-foto-Zeneakademiakredit-Mudra-Laszlo-768x512.jpg 768w, https:\/\/www.filharmonikusok.hu\/wp-content\/uploads\/2016\/11\/MLA_3276_resize-KocsisZ-bucsuztato-161119-foto-Zeneakademiakredit-Mudra-Laszlo-1024x683.jpg 1024w, https:\/\/www.filharmonikusok.hu\/wp-content\/uploads\/2016\/11\/MLA_3276_resize-KocsisZ-bucsuztato-161119-foto-Zeneakademiakredit-Mudra-Laszlo.jpg 2048w\" sizes=\"auto, (max-width: 750px) 100vw, 750px\" \/><\/p>\n<p><img loading=\"lazy\" decoding=\"async\" class=\"aligncenter wp-image-99604\" src=\"http:\/\/www.filharmonikusok.hu\/wp-content\/uploads\/2016\/11\/MLA_3226_resize-KocsisZ-bucsuztato-161119-foto-Zeneakademia-kreditMudra-Laszlo-300x200.jpg\" alt=\"mla_3226_resize-kocsisz-bucsuztato-161119-foto-zeneakademia-kreditmudra-laszlo\" width=\"750\" height=\"500\" srcset=\"https:\/\/www.filharmonikusok.hu\/wp-content\/uploads\/2016\/11\/MLA_3226_resize-KocsisZ-bucsuztato-161119-foto-Zeneakademia-kreditMudra-Laszlo-300x200.jpg 300w, https:\/\/www.filharmonikusok.hu\/wp-content\/uploads\/2016\/11\/MLA_3226_resize-KocsisZ-bucsuztato-161119-foto-Zeneakademia-kreditMudra-Laszlo-768x512.jpg 768w, https:\/\/www.filharmonikusok.hu\/wp-content\/uploads\/2016\/11\/MLA_3226_resize-KocsisZ-bucsuztato-161119-foto-Zeneakademia-kreditMudra-Laszlo-1024x683.jpg 1024w, https:\/\/www.filharmonikusok.hu\/wp-content\/uploads\/2016\/11\/MLA_3226_resize-KocsisZ-bucsuztato-161119-foto-Zeneakademia-kreditMudra-Laszlo.jpg 2048w\" sizes=\"auto, (max-width: 750px) 100vw, 750px\" \/><\/p>\n<p><img loading=\"lazy\" decoding=\"async\" class=\"alignnone wp-image-99608\" src=\"http:\/\/www.filharmonikusok.hu\/wp-content\/uploads\/2016\/11\/MLA_3511_resize-KocsisZ-bucsuztato-161119-foto-Zeneakademia-kreditMudra-Laszlo-300x200.jpg\" alt=\"mla_3511_resize-kocsisz-bucsuztato-161119-foto-zeneakademia-kreditmudra-laszlo\" width=\"750\" height=\"500\" srcset=\"https:\/\/www.filharmonikusok.hu\/wp-content\/uploads\/2016\/11\/MLA_3511_resize-KocsisZ-bucsuztato-161119-foto-Zeneakademia-kreditMudra-Laszlo-300x200.jpg 300w, https:\/\/www.filharmonikusok.hu\/wp-content\/uploads\/2016\/11\/MLA_3511_resize-KocsisZ-bucsuztato-161119-foto-Zeneakademia-kreditMudra-Laszlo-768x512.jpg 768w, https:\/\/www.filharmonikusok.hu\/wp-content\/uploads\/2016\/11\/MLA_3511_resize-KocsisZ-bucsuztato-161119-foto-Zeneakademia-kreditMudra-Laszlo-1024x683.jpg 1024w, https:\/\/www.filharmonikusok.hu\/wp-content\/uploads\/2016\/11\/MLA_3511_resize-KocsisZ-bucsuztato-161119-foto-Zeneakademia-kreditMudra-Laszlo.jpg 2048w\" sizes=\"auto, (max-width: 750px) 100vw, 750px\" \/><\/p>\n","protected":false},"excerpt":{"rendered":"<p>A csal\u00e1d \u00e9s a Nemzeti Filharmonikusok ez \u00faton k\u00f6sz\u00f6nik meg azt a sok sz\u00e1z r\u00e9szv\u00e9tnyilv\u00e1n\u00edt\u00e1st, t\u00f6bb ezer sz\u00e1l vir\u00e1got, melyet Kocsis Zolt\u00e1n hal\u00e1la \u00e9s gy\u00e1szszertart\u00e1sa alkalm\u00e1b\u00f3l\u00a0tisztel\u0151i, kolleg\u00e1i\u00a0k\u00fcldtek \u00e9s helyeztek el f\u00e9nyk\u00e9p\u00e9n\u00e9l, ravatal\u00e1n\u00e1l. Ennyi egy\u00fctt\u00e9rz\u00e9s tudat\u00e1ban k\u00f6nnyebb a gy\u00e1szt elviselni.<\/p>\n","protected":false},"author":1,"featured_media":99605,"comment_status":"closed","ping_status":"open","sticky":false,"template":"","format":"standard","meta":{"_acf_changed":false,"_monsterinsights_skip_tracking":false,"_monsterinsights_sitenote_active":false,"_monsterinsights_sitenote_note":"","_monsterinsights_sitenote_category":0,"footnotes":""},"categories":[4],"tags":[],"class_list":["post-99601","post","type-post","status-publish","format-standard","has-post-thumbnail","hentry","category-hirek"],"better_featured_image":{"id":99605,"alt_text":"","caption":"","description":"","media_type":"image","media_details":{"width":2048,"height":1365,"file":"2016\/11\/MLA_3276_resize-KocsisZ-bucsuztato-161119-foto-Zeneakademiakredit-Mudra-Laszlo.jpg","sizes":{"thumbnail":{"file":"MLA_3276_resize-KocsisZ-bucsuztato-161119-foto-Zeneakademiakredit-Mudra-Laszlo-150x150.jpg","width":150,"height":150,"mime-type":"image\/jpeg","source_url":"https:\/\/www.filharmonikusok.hu\/wp-content\/uploads\/2016\/11\/MLA_3276_resize-KocsisZ-bucsuztato-161119-foto-Zeneakademiakredit-Mudra-Laszlo-150x150.jpg"},"medium":{"file":"MLA_3276_resize-KocsisZ-bucsuztato-161119-foto-Zeneakademiakredit-Mudra-Laszlo-300x200.jpg","width":300,"height":200,"mime-type":"image\/jpeg","source_url":"https:\/\/www.filharmonikusok.hu\/wp-content\/uploads\/2016\/11\/MLA_3276_resize-KocsisZ-bucsuztato-161119-foto-Zeneakademiakredit-Mudra-Laszlo-300x200.jpg"},"medium_large":{"file":"MLA_3276_resize-KocsisZ-bucsuztato-161119-foto-Zeneakademiakredit-Mudra-Laszlo-768x512.jpg","width":768,"height":512,"mime-type":"image\/jpeg","source_url":"https:\/\/www.filharmonikusok.hu\/wp-content\/uploads\/2016\/11\/MLA_3276_resize-KocsisZ-bucsuztato-161119-foto-Zeneakademiakredit-Mudra-Laszlo-768x512.jpg"},"large":{"file":"MLA_3276_resize-KocsisZ-bucsuztato-161119-foto-Zeneakademiakredit-Mudra-Laszlo-1024x683.jpg","width":1024,"height":683,"mime-type":"image\/jpeg","source_url":"https:\/\/www.filharmonikusok.hu\/wp-content\/uploads\/2016\/11\/MLA_3276_resize-KocsisZ-bucsuztato-161119-foto-Zeneakademiakredit-Mudra-Laszlo-1024x683.jpg"},"person-size":{"file":"MLA_3276_resize-KocsisZ-bucsuztato-161119-foto-Zeneakademiakredit-Mudra-Laszlo-165x165.jpg","width":165,"height":165,"mime-type":"image\/jpeg","source_url":"https:\/\/www.filharmonikusok.hu\/wp-content\/uploads\/2016\/11\/MLA_3276_resize-KocsisZ-bucsuztato-161119-foto-Zeneakademiakredit-Mudra-Laszlo-165x165.jpg"},"album-size":{"file":"MLA_3276_resize-KocsisZ-bucsuztato-161119-foto-Zeneakademiakredit-Mudra-Laszlo-263x263.jpg","width":263,"height":263,"mime-type":"image\/jpeg","source_url":"https:\/\/www.filharmonikusok.hu\/wp-content\/uploads\/2016\/11\/MLA_3276_resize-KocsisZ-bucsuztato-161119-foto-Zeneakademiakredit-Mudra-Laszlo-263x263.jpg"},"news-lead-size":{"file":"MLA_3276_resize-KocsisZ-bucsuztato-161119-foto-Zeneakademiakredit-Mudra-Laszlo-360x203.jpg","width":360,"height":203,"mime-type":"image\/jpeg","source_url":"https:\/\/www.filharmonikusok.hu\/wp-content\/uploads\/2016\/11\/MLA_3276_resize-KocsisZ-bucsuztato-161119-foto-Zeneakademiakredit-Mudra-Laszlo-360x203.jpg"},"director-index-size":{"file":"MLA_3276_resize-KocsisZ-bucsuztato-161119-foto-Zeneakademiakredit-Mudra-Laszlo-359x450.jpg","width":359,"height":450,"mime-type":"image\/jpeg","source_url":"https:\/\/www.filharmonikusok.hu\/wp-content\/uploads\/2016\/11\/MLA_3276_resize-KocsisZ-bucsuztato-161119-foto-Zeneakademiakredit-Mudra-Laszlo-359x450.jpg"},"person-lead-size":{"file":"MLA_3276_resize-KocsisZ-bucsuztato-161119-foto-Zeneakademiakredit-Mudra-Laszlo-555x555.jpg","width":555,"height":555,"mime-type":"image\/jpeg","source_url":"https:\/\/www.filharmonikusok.hu\/wp-content\/uploads\/2016\/11\/MLA_3276_resize-KocsisZ-bucsuztato-161119-foto-Zeneakademiakredit-Mudra-Laszlo-555x555.jpg"},"slider-size":{"file":"MLA_3276_resize-KocsisZ-bucsuztato-161119-foto-Zeneakademiakredit-Mudra-Laszlo-1600x722.jpg","width":1600,"height":722,"mime-type":"image\/jpeg","source_url":"https:\/\/www.filharmonikusok.hu\/wp-content\/uploads\/2016\/11\/MLA_3276_resize-KocsisZ-bucsuztato-161119-foto-Zeneakademiakredit-Mudra-Laszlo-1600x722.jpg"}},"image_meta":{"aperture":"0","credit":"","camera":"","caption":"","created_timestamp":"0","copyright":"Mudra L\u00e1szl\u00f3","focal_length":"0","iso":"0","shutter_speed":"0","title":"","orientation":"0","keywords":[]}},"post":99601,"source_url":"https:\/\/www.filharmonikusok.hu\/wp-content\/uploads\/2016\/11\/MLA_3276_resize-KocsisZ-bucsuztato-161119-foto-Zeneakademiakredit-Mudra-Laszlo.jpg"},"translation":{"provider":"WPGlobus","version":"3.0.2","language":"en","enabled_languages":["hu","en"],"languages":{"hu":{"title":true,"content":true,"excerpt":false},"en":{"title":false,"content":false,"excerpt":false}}},"acf":{"lead_szoveg":"Kocsis Zolt\u00e1n csal\u00e1dj\u00e1nak \u00e9s a Nemzeti Filharmonikusok k\u00f6z\u00f6s k\u00f6zlem\u00e9nye."},"publishpress_future_action":{"enabled":false,"date":"2026-05-08 12:56:45","action":"change-status","newStatus":"draft","terms":[],"taxonomy":"category","extraData":[]},"publishpress_future_workflow_manual_trigger":{"enabledWorkflows":[]},"_links":{"self":[{"href":"https:\/\/www.filharmonikusok.hu\/en\/wp-json\/wp\/v2\/posts\/99601","targetHints":{"allow":["GET"]}}],"collection":[{"href":"https:\/\/www.filharmonikusok.hu\/en\/wp-json\/wp\/v2\/posts"}],"about":[{"href":"https:\/\/www.filharmonikusok.hu\/en\/wp-json\/wp\/v2\/types\/post"}],"author":[{"embeddable":true,"href":"https:\/\/www.filharmonikusok.hu\/en\/wp-json\/wp\/v2\/users\/1"}],"replies":[{"embeddable":true,"href":"https:\/\/www.filharmonikusok.hu\/en\/wp-json\/wp\/v2\/comments?post=99601"}],"version-history":[{"count":8,"href":"https:\/\/www.filharmonikusok.hu\/en\/wp-json\/wp\/v2\/posts\/99601\/revisions"}],"predecessor-version":[{"id":99619,"href":"https:\/\/www.filharmonikusok.hu\/en\/wp-json\/wp\/v2\/posts\/99601\/revisions\/99619"}],"wp:featuredmedia":[{"embeddable":true,"href":"https:\/\/www.filharmonikusok.hu\/en\/wp-json\/wp\/v2\/media\/99605"}],"wp:attachment":[{"href":"https:\/\/www.filharmonikusok.hu\/en\/wp-json\/wp\/v2\/media?parent=99601"}],"wp:term":[{"taxonomy":"category","embeddable":true,"href":"https:\/\/www.filharmonikusok.hu\/en\/wp-json\/wp\/v2\/categories?post=99601"},{"taxonomy":"post_tag","embeddable":true,"href":"https:\/\/www.filharmonikusok.hu\/en\/wp-json\/wp\/v2\/tags?post=99601"}],"curies":[{"name":"wp","href":"https:\/\/api.w.org\/{rel}","templated":true}]}}