{"id":99464,"date":"2016-11-15T17:24:16","date_gmt":"2016-11-15T17:24:16","guid":{"rendered":"http:\/\/www.filharmonikusok.hu\/?p=99464"},"modified":"2016-11-17T09:27:38","modified_gmt":"2016-11-17T09:27:38","slug":"kocsis-zoltan-bucsuztatasa","status":"publish","type":"post","link":"https:\/\/www.filharmonikusok.hu\/en\/kocsis-zoltan-bucsuztatasa\/","title":{"rendered":"Kocsis Zolt\u00e1n b\u00facs\u00faztat\u00e1sa"},"content":{"rendered":"<p>A csal\u00e1d m\u00e9ly f\u00e1jdalommal tudatja, hogy Kocsis Zolt\u00e1n k\u00e9tszeres Kossuth-d\u00edjas, Liszt Ferenc-d\u00edjas zongoram\u0171v\u00e9sz, karmester, zeneszerz\u0151, a Nemzeti Filharmonikusok f\u0151zeneigazgat\u00f3ja hosszas, m\u00e9lt\u00f3s\u00e1ggal viselt betegs\u00e9g ut\u00e1n, 64 \u00e9ves kor\u00e1ban elhunyt.<\/p>\n<p>B\u00facs\u00faztat\u00e1s\u00e1ra november 19-\u00e9n (szombaton) ker\u00fcl sor a Liszt Ferenc Zeneakad\u00e9mia Aul\u00e1j\u00e1ban, ahol tisztel\u0151i 8.00 \u00e9s 12.00 \u00f3ra k\u00f6z\u00f6tt r\u00f3hatj\u00e1k le kegyelet\u00fcket egy sz\u00e1l feh\u00e9r r\u00f3zs\u00e1val vagy kardvir\u00e1ggal.<\/p>\n<p>Besz\u00e9det mond \u00c1der J\u00e1nos, Magyarorsz\u00e1g k\u00f6zt\u00e1rsas\u00e1gi eln\u00f6ke, Kurt\u00e1g Gy\u00f6rgy zeneszerz\u0151, dr. Vigh Andrea, a Liszt Ferenc Zenem\u0171v\u00e9szeti Egyetem rektora, Mocs\u00e1ri K\u00e1roly zongoram\u0171v\u00e9sz, Per\u00e9nyi Mikl\u00f3s csell\u00f3m\u0171v\u00e9sz, valamint Kov\u00e1cs G\u00e9za, a Nemzeti Filharmonikusok f\u0151igazgat\u00f3ja.<\/p>\n<p>Az elhunytat Magyarorsz\u00e1g Korm\u00e1nya, Budapest F\u0151v\u00e1ros, a Nemzeti Filharmonikusok \u00e9s a Liszt Ferenc Zeneakad\u00e9mia saj\u00e1t halottj\u00e1nak tekinti.<\/p>\n<p><strong><em>Technikai inform\u00e1ci\u00f3:<\/em><\/strong><\/p>\n<p><em>A besz\u00e9deket, melyek a Zeneakad\u00e9mia Aul\u00e1j\u00e1ban 13 \u00f3rakor, a megh\u00edvottak el\u0151tt hangzanak el, az \u00e9p\u00fclet el\u0151tt elhelyezett kivet\u00edt\u0151n lehet k\u00f6vetni.<\/em><\/p>\n<p><em>(EMMI Kult\u00far\u00e1\u00e9rt Felel\u0151s \u00c1llamtitk\u00e1rs\u00e1g<\/em><em> 2016. november 15. 17:18)<\/em><\/p>\n<p><a href=\"http:\/\/www.kormany.hu\/hu\/emberi-eroforrasok-miniszteriuma\/kulturaert-felelos-allamtitkarsag\/hirek\/kocsis-zoltan-bucsuztatasa\" data-saferedirecturl=\"https:\/\/www.google.com\/url?hl=en&amp;q=http:\/\/www.kormany.hu\/hu\/emberi-eroforrasok-miniszteriuma\/kulturaert-felelos-allamtitkarsag\/hirek\/kocsis-zoltan-bucsuztatasa&amp;source=gmail&amp;ust=1479316739349000&amp;usg=AFQjCNG5v5bBRrGhoKMYuxGaPJ47bUfKKQ\">http:\/\/www.kormany.hu\/hu\/emberi-eroforrasok-miniszteriuma\/kulturaert-felelos-allamtitkarsag\/hirek\/kocsis-zoltan-bucsuztatasa<\/a><\/p>\n","protected":false},"excerpt":{"rendered":"<p>A csal\u00e1d m\u00e9ly f\u00e1jdalommal tudatja, hogy Kocsis Zolt\u00e1n k\u00e9tszeres Kossuth-d\u00edjas, Liszt Ferenc-d\u00edjas zongoram\u0171v\u00e9sz, karmester, zeneszerz\u0151, a Nemzeti Filharmonikusok f\u0151zeneigazgat\u00f3ja hosszas, m\u00e9lt\u00f3s\u00e1ggal viselt betegs\u00e9g ut\u00e1n, 64 \u00e9ves kor\u00e1ban elhunyt. B\u00facs\u00faztat\u00e1s\u00e1ra november 19-\u00e9n (szombaton) ker\u00fcl sor a Liszt Ferenc Zeneakad\u00e9mia Aul\u00e1j\u00e1ban, ahol tisztel\u0151i 8.00 \u00e9s 12.00 \u00f3ra k\u00f6z\u00f6tt r\u00f3hatj\u00e1k le kegyelet\u00fcket egy sz\u00e1l feh\u00e9r r\u00f3zs\u00e1val vagy kardvir\u00e1ggal. [&hellip;]<\/p>\n","protected":false},"author":1,"featured_media":98704,"comment_status":"closed","ping_status":"open","sticky":false,"template":"","format":"standard","meta":{"_acf_changed":false,"_monsterinsights_skip_tracking":false,"_monsterinsights_sitenote_active":false,"_monsterinsights_sitenote_note":"","_monsterinsights_sitenote_category":0,"footnotes":""},"categories":[4],"tags":[],"class_list":["post-99464","post","type-post","status-publish","format-standard","has-post-thumbnail","hentry","category-hirek"],"better_featured_image":{"id":98704,"alt_text":"","caption":"","description":"","media_type":"image","media_details":{"width":555,"height":555,"file":"2016\/07\/FN_kocsiszoltan_fejer.jpg","sizes":{"thumbnail":{"file":"FN_kocsiszoltan_fejer-150x150.jpg","width":150,"height":150,"mime-type":"image\/jpeg","source_url":"https:\/\/www.filharmonikusok.hu\/wp-content\/uploads\/2016\/07\/FN_kocsiszoltan_fejer-150x150.jpg"},"medium":{"file":"FN_kocsiszoltan_fejer-300x300.jpg","width":300,"height":300,"mime-type":"image\/jpeg","source_url":"https:\/\/www.filharmonikusok.hu\/wp-content\/uploads\/2016\/07\/FN_kocsiszoltan_fejer-300x300.jpg"},"person-size":{"file":"FN_kocsiszoltan_fejer-165x165.jpg","width":165,"height":165,"mime-type":"image\/jpeg","source_url":"https:\/\/www.filharmonikusok.hu\/wp-content\/uploads\/2016\/07\/FN_kocsiszoltan_fejer-165x165.jpg"},"album-size":{"file":"FN_kocsiszoltan_fejer-263x263.jpg","width":263,"height":263,"mime-type":"image\/jpeg","source_url":"https:\/\/www.filharmonikusok.hu\/wp-content\/uploads\/2016\/07\/FN_kocsiszoltan_fejer-263x263.jpg"},"news-lead-size":{"file":"FN_kocsiszoltan_fejer-360x203.jpg","width":360,"height":203,"mime-type":"image\/jpeg","source_url":"https:\/\/www.filharmonikusok.hu\/wp-content\/uploads\/2016\/07\/FN_kocsiszoltan_fejer-360x203.jpg"},"director-index-size":{"file":"FN_kocsiszoltan_fejer-359x450.jpg","width":359,"height":450,"mime-type":"image\/jpeg","source_url":"https:\/\/www.filharmonikusok.hu\/wp-content\/uploads\/2016\/07\/FN_kocsiszoltan_fejer-359x450.jpg"}},"image_meta":{"aperture":"0","credit":"","camera":"","caption":"","created_timestamp":"0","copyright":"","focal_length":"0","iso":"0","shutter_speed":"0","title":"","orientation":"0","keywords":[]}},"post":78402,"source_url":"https:\/\/www.filharmonikusok.hu\/wp-content\/uploads\/2016\/07\/FN_kocsiszoltan_fejer.jpg"},"translation":{"provider":"WPGlobus","version":"3.0.2","language":"en","enabled_languages":["hu","en"],"languages":{"hu":{"title":true,"content":true,"excerpt":false},"en":{"title":false,"content":false,"excerpt":false}}},"acf":{"lead_szoveg":"Kocsis Zolt\u00e1n b\u00facs\u00faztat\u00e1s\u00e1ra november 19-\u00e9n (szombaton) ker\u00fcl sor a Liszt Ferenc Zeneakad\u00e9mia Aul\u00e1j\u00e1ban, ahol tisztel\u0151i 8.00 \u00e9s 12.00 \u00f3ra k\u00f6z\u00f6tt r\u00f3hatj\u00e1k le kegyelet\u00fcket egy sz\u00e1l feh\u00e9r r\u00f3zs\u00e1val vagy kardvir\u00e1ggal."},"publishpress_future_action":{"enabled":false,"date":"2026-05-08 02:20:38","action":"change-status","newStatus":"draft","terms":[],"taxonomy":"category","extraData":[]},"publishpress_future_workflow_manual_trigger":{"enabledWorkflows":[]},"_links":{"self":[{"href":"https:\/\/www.filharmonikusok.hu\/en\/wp-json\/wp\/v2\/posts\/99464","targetHints":{"allow":["GET"]}}],"collection":[{"href":"https:\/\/www.filharmonikusok.hu\/en\/wp-json\/wp\/v2\/posts"}],"about":[{"href":"https:\/\/www.filharmonikusok.hu\/en\/wp-json\/wp\/v2\/types\/post"}],"author":[{"embeddable":true,"href":"https:\/\/www.filharmonikusok.hu\/en\/wp-json\/wp\/v2\/users\/1"}],"replies":[{"embeddable":true,"href":"https:\/\/www.filharmonikusok.hu\/en\/wp-json\/wp\/v2\/comments?post=99464"}],"version-history":[{"count":4,"href":"https:\/\/www.filharmonikusok.hu\/en\/wp-json\/wp\/v2\/posts\/99464\/revisions"}],"predecessor-version":[{"id":99538,"href":"https:\/\/www.filharmonikusok.hu\/en\/wp-json\/wp\/v2\/posts\/99464\/revisions\/99538"}],"wp:featuredmedia":[{"embeddable":true,"href":"https:\/\/www.filharmonikusok.hu\/en\/wp-json\/wp\/v2\/media\/98704"}],"wp:attachment":[{"href":"https:\/\/www.filharmonikusok.hu\/en\/wp-json\/wp\/v2\/media?parent=99464"}],"wp:term":[{"taxonomy":"category","embeddable":true,"href":"https:\/\/www.filharmonikusok.hu\/en\/wp-json\/wp\/v2\/categories?post=99464"},{"taxonomy":"post_tag","embeddable":true,"href":"https:\/\/www.filharmonikusok.hu\/en\/wp-json\/wp\/v2\/tags?post=99464"}],"curies":[{"name":"wp","href":"https:\/\/api.w.org\/{rel}","templated":true}]}}