{"id":82866,"date":"2001-01-19T00:00:00","date_gmt":"2001-01-19T00:00:00","guid":{"rendered":"http:\/\/www.filharmonikusok.hu\/hirek\/ferencsik-dij-tizenotodszor\/"},"modified":"2001-01-19T00:00:00","modified_gmt":"2001-01-19T00:00:00","slug":"ferencsik-dij-tizenotodszor","status":"publish","type":"post","link":"https:\/\/www.filharmonikusok.hu\/en\/ferencsik-dij-tizenotodszor\/","title":{"rendered":""},"content":{"rendered":"","protected":false},"excerpt":{"rendered":"","protected":false},"author":1,"featured_media":0,"comment_status":"closed","ping_status":"open","sticky":false,"template":"","format":"standard","meta":{"_acf_changed":false,"_monsterinsights_skip_tracking":false,"_monsterinsights_sitenote_active":false,"_monsterinsights_sitenote_note":"","_monsterinsights_sitenote_category":0,"footnotes":""},"categories":[4],"tags":[],"class_list":["post-82866","post","type-post","status-publish","format-standard","hentry","category-hirek"],"better_featured_image":null,"translation":{"provider":"WPGlobus","version":"3.0.2","language":"en","enabled_languages":["hu","en"],"languages":{"hu":{"title":true,"content":true,"excerpt":false},"en":{"title":true,"content":true,"excerpt":false}}},"acf":{"lead_szoveg":"A Ferencsik J\u00e1nos-eml\u00e9kd\u00edj kurat\u00f3riuma a Nemzeti Filharmonikus Zenekar muzsikus\u00e1t, K\u00e1csik Jen\u0151t tal\u00e1lta \u00e9rdemesnek, hogy az \u00faj \u00e9vezred els\u0151 kit\u00fcntettje legyen. A d\u00edjat 1986-ban alap\u00edtott\u00e1k, \u00e9s p\u00e1ratlan \u00e9vben a Nemzeti Filharmonikus Zenekar (kor\u00e1bban \u00c1HZ), p\u00e1ros \u00e9vben a Magyar \u00c1llami Operah\u00e1z Zenekar\u00e1nak egy-egy m\u0171v\u00e9sz\u00e9t jutalmazz\u00e1k vele.","megjelenik_angol_nyelven":null},"publishpress_future_action":{"enabled":false,"date":"2026-05-07 10:11:48","action":"change-status","newStatus":"draft","terms":[],"taxonomy":"category","extraData":[]},"publishpress_future_workflow_manual_trigger":{"enabledWorkflows":[]},"_links":{"self":[{"href":"https:\/\/www.filharmonikusok.hu\/en\/wp-json\/wp\/v2\/posts\/82866","targetHints":{"allow":["GET"]}}],"collection":[{"href":"https:\/\/www.filharmonikusok.hu\/en\/wp-json\/wp\/v2\/posts"}],"about":[{"href":"https:\/\/www.filharmonikusok.hu\/en\/wp-json\/wp\/v2\/types\/post"}],"author":[{"embeddable":true,"href":"https:\/\/www.filharmonikusok.hu\/en\/wp-json\/wp\/v2\/users\/1"}],"replies":[{"embeddable":true,"href":"https:\/\/www.filharmonikusok.hu\/en\/wp-json\/wp\/v2\/comments?post=82866"}],"version-history":[{"count":0,"href":"https:\/\/www.filharmonikusok.hu\/en\/wp-json\/wp\/v2\/posts\/82866\/revisions"}],"wp:attachment":[{"href":"https:\/\/www.filharmonikusok.hu\/en\/wp-json\/wp\/v2\/media?parent=82866"}],"wp:term":[{"taxonomy":"category","embeddable":true,"href":"https:\/\/www.filharmonikusok.hu\/en\/wp-json\/wp\/v2\/categories?post=82866"},{"taxonomy":"post_tag","embeddable":true,"href":"https:\/\/www.filharmonikusok.hu\/en\/wp-json\/wp\/v2\/tags?post=82866"}],"curies":[{"name":"wp","href":"https:\/\/api.w.org\/{rel}","templated":true}]}}