{"id":126332,"date":"2026-03-16T11:56:00","date_gmt":"2026-03-16T11:56:00","guid":{"rendered":"https:\/\/www.filharmonikusok.hu\/?p=126332"},"modified":"2026-03-16T11:56:00","modified_gmt":"2026-03-16T11:56:00","slug":"2026-marcius-15-i-nemzeti-unnepunk-alkalmabol-kituntetett-muveszek","status":"publish","type":"post","link":"https:\/\/www.filharmonikusok.hu\/en\/2026-marcius-15-i-nemzeti-unnepunk-alkalmabol-kituntetett-muveszek\/","title":{"rendered":"2026. m\u00e1rcius 15-i nemzeti \u00fcnnep\u00fcnk alkalm\u00e1b\u00f3l kit\u00fcntetett m\u0171v\u00e9szek"},"content":{"rendered":"<p>M\u00e1rcius 15-i nemzeti \u00fcnnep\u00fcnk alkalm\u00e1b\u00f3l magas sz\u00ednvonal\u00fa munk\u00e1ja, p\u00e9ldamutat\u00f3 tev\u00e9kenys\u00e9ge elismer\u00e9sek\u00e9nt<\/p>\n<p>Magyar Arany \u00c9rdemkereszt polg\u00e1ri tagozat kit\u00fcntet\u00e9sben r\u00e9szes\u00fclt: <a href=\"https:\/\/www.filharmonikusok.hu\/artists\/bokor-pal\/\">BOKOR P\u00c1L<\/a> fagottm\u0171v\u00e9sz, a Nemzeti Filharmonikus Zenekar sz\u00f3lamvezet\u0151je,<\/p>\n<p>Magyar Ez\u00fcst \u00c9rdemkereszt polg\u00e1ri tagozat kit\u00fcntet\u00e9st vehetett \u00e1t:<\/p>\n<p>CSIK\u00d3S M\u00c1RTA, a Nemzeti \u00c9nekkar kor\u00e1bbi \u00e9nekm\u0171v\u00e9sze,<br \/>\n<a href=\"https:\/\/www.filharmonikusok.hu\/artists\/detvay-maria\/\">DETVAY M\u00c1RIA MARCELLA<\/a>, a Nemzeti Filharmonikus Zenekar heged\u0171m\u0171v\u00e9sze,<br \/>\n<a href=\"https:\/\/www.filharmonikusok.hu\/artists\/gaspar-kornelia\/\">G\u00c1SP\u00c1R KORN\u00c9LIA<\/a>, a Nemzeti Filharmonikus Zenekar fuvolam\u0171v\u00e9sze,<br \/>\n<a href=\"https:\/\/www.filharmonikusok.hu\/artists\/joo-szabolcs\/\">JO\u00d3 SZABOLCS<\/a> timpanim\u0171v\u00e9sz, a Nemzeti Filharmonikus Zenekar sz\u00f3lamvezet\u0151je, a Liszt Ferenc Zenem\u0171v\u00e9szeti Egyetem m\u0171v\u00e9sztan\u00e1ra,<br \/>\n<a href=\"https:\/\/www.filharmonikusok.hu\/artists\/tokes-bodor-ferenc\/\">T\u0150K\u00c9S-BODOR FERENC<\/a>, a Nemzeti \u00c9nekkar \u00e9nekm\u0171v\u00e9sze.<\/p>\n<p>A magyar nemzeti kult\u00fara, m\u0171v\u00e9szi alkot\u00f3munka ter\u00fclet\u00e9n v\u00e9gzett kiemelked\u0151 m\u0171v\u00e9szi \u00e9rt\u00e9kteremt\u0151 munk\u00e1ja elismer\u00e9sek\u00e9nt Magyarorsz\u00e1g \u00c9rdemes M\u0171v\u00e9sze d\u00edjban r\u00e9szes\u00fclt ANTAL M\u00c1TY\u00c1S Liszt Ferenc-d\u00edjas karmester, karnagy, fuvolam\u0171v\u00e9sz, a Magyar M\u0171v\u00e9szeti Akad\u00e9mia k\u00f6ztest\u00fcleti tagja, a Nemzeti \u00c9nekkar kor\u00e1bbi karigazgat\u00f3ja.<\/p>\n<p>&nbsp;<\/p>\n","protected":false},"excerpt":{"rendered":"<p>M\u00e1rcius 15-i nemzeti \u00fcnnep\u00fcnk alkalm\u00e1b\u00f3l magas sz\u00ednvonal\u00fa munk\u00e1ja, p\u00e9ldamutat\u00f3 tev\u00e9kenys\u00e9ge elismer\u00e9sek\u00e9nt Magyar Arany \u00c9rdemkereszt polg\u00e1ri tagozat kit\u00fcntet\u00e9sben r\u00e9szes\u00fclt: BOKOR P\u00c1L fagottm\u0171v\u00e9sz, a Nemzeti Filharmonikus Zenekar sz\u00f3lamvezet\u0151je, Magyar Ez\u00fcst \u00c9rdemkereszt polg\u00e1ri tagozat kit\u00fcntet\u00e9st vehetett \u00e1t: CSIK\u00d3S M\u00c1RTA, a Nemzeti \u00c9nekkar kor\u00e1bbi \u00e9nekm\u0171v\u00e9sze, DETVAY M\u00c1RIA MARCELLA, a Nemzeti Filharmonikus Zenekar heged\u0171m\u0171v\u00e9sze, G\u00c1SP\u00c1R KORN\u00c9LIA, a Nemzeti Filharmonikus Zenekar [&hellip;]<\/p>\n","protected":false},"author":951582,"featured_media":0,"comment_status":"closed","ping_status":"open","sticky":false,"template":"","format":"standard","meta":{"_acf_changed":false,"_monsterinsights_skip_tracking":false,"_monsterinsights_sitenote_active":false,"_monsterinsights_sitenote_note":"","_monsterinsights_sitenote_category":0,"footnotes":""},"categories":[1],"tags":[],"class_list":["post-126332","post","type-post","status-publish","format-standard","hentry","category-egyeb"],"better_featured_image":null,"translation":{"provider":"WPGlobus","version":"3.0.2","language":"en","enabled_languages":["hu","en"],"languages":{"hu":{"title":true,"content":true,"excerpt":false},"en":{"title":false,"content":false,"excerpt":false}}},"acf":[],"publishpress_future_action":{"enabled":false,"date":"2026-05-08 02:20:48","action":"change-status","newStatus":"draft","terms":[],"taxonomy":"category","extraData":[]},"publishpress_future_workflow_manual_trigger":{"enabledWorkflows":[]},"_links":{"self":[{"href":"https:\/\/www.filharmonikusok.hu\/en\/wp-json\/wp\/v2\/posts\/126332","targetHints":{"allow":["GET"]}}],"collection":[{"href":"https:\/\/www.filharmonikusok.hu\/en\/wp-json\/wp\/v2\/posts"}],"about":[{"href":"https:\/\/www.filharmonikusok.hu\/en\/wp-json\/wp\/v2\/types\/post"}],"author":[{"embeddable":true,"href":"https:\/\/www.filharmonikusok.hu\/en\/wp-json\/wp\/v2\/users\/951582"}],"replies":[{"embeddable":true,"href":"https:\/\/www.filharmonikusok.hu\/en\/wp-json\/wp\/v2\/comments?post=126332"}],"version-history":[{"count":2,"href":"https:\/\/www.filharmonikusok.hu\/en\/wp-json\/wp\/v2\/posts\/126332\/revisions"}],"predecessor-version":[{"id":126351,"href":"https:\/\/www.filharmonikusok.hu\/en\/wp-json\/wp\/v2\/posts\/126332\/revisions\/126351"}],"wp:attachment":[{"href":"https:\/\/www.filharmonikusok.hu\/en\/wp-json\/wp\/v2\/media?parent=126332"}],"wp:term":[{"taxonomy":"category","embeddable":true,"href":"https:\/\/www.filharmonikusok.hu\/en\/wp-json\/wp\/v2\/categories?post=126332"},{"taxonomy":"post_tag","embeddable":true,"href":"https:\/\/www.filharmonikusok.hu\/en\/wp-json\/wp\/v2\/tags?post=126332"}],"curies":[{"name":"wp","href":"https:\/\/api.w.org\/{rel}","templated":true}]}}