{"id":121019,"date":"2023-04-06T11:08:15","date_gmt":"2023-04-06T11:08:15","guid":{"rendered":"https:\/\/www.filharmonikusok.hu\/?p=121019"},"modified":"2023-04-06T11:13:25","modified_gmt":"2023-04-06T11:13:25","slug":"a-nemzeti-filharmonikus-zenekar-probajatekot-hirdet-i-fuvola-allasra","status":"publish","type":"post","link":"https:\/\/www.filharmonikusok.hu\/en\/a-nemzeti-filharmonikus-zenekar-probajatekot-hirdet-i-fuvola-allasra\/","title":{"rendered":"A Nemzeti Filharmonikus Zenekar pr\u00f3baj\u00e1t\u00e9kot hirdet I. fuvola \u00e1ll\u00e1sra"},"content":{"rendered":"<p><strong>A pr\u00f3baj\u00e1t\u00e9k id\u0151pontja<\/strong>: 2023. j\u00fanius 7., (szerda) 10.00 \u00f3ra<\/p>\n<p><strong>A pr\u00f3baj\u00e1t\u00e9k helysz\u00edne:<\/strong> a Nemzeti Filharmonikusok pr\u00f3baterme, M\u0171v\u00e9szetek Palot\u00e1ja, 1095 Budapest, Komor Marcell utca 1. VI. emelet<\/p>\n<p>A jelentkez\u00e9shez r\u00f6vid szakmai \u00f6n\u00e9letrajzot k\u00e9r\u00fcnk e-mail-ben az al\u00e1bbi c\u00edmre: mali.i@filharmonikusok.hu, valamint egy YouTube csatorn\u00e1ra felt\u00f6lt\u00f6tt, 6 h\u00f3napn\u00e1l nem r\u00e9gebbi<br \/>\nfelv\u00e9tel linkj\u00e9t az al\u00e1bbi m\u0171vekb\u0151l:<br \/>\n&#8211; Telemann: E-d\u00far fant\u00e1zia sz\u00f3l\u00f3 fuvol\u00e1ra (ism\u00e9tl\u00e9s n\u00e9lk\u00fcl)<br \/>\n&#8211; Beethoven: VII. szimf\u00f3nia \u2013 1. t\u00e9tel (60 \u2013 80. \u00fctemek)<br \/>\nV\u00e1gatlan felv\u00e9telt k\u00e9r\u00fcnk, v\u00e1g\u00e1s kiz\u00e1r\u00f3lag a k\u00e9t m\u0171 k\u00f6z\u00f6tt lehet! A felt\u00f6lt\u00f6tt felv\u00e9tel lehet &#8220;Nyilv\u00e1nos&#8221; vagy &#8220;Nem nyilv\u00e1nos&#8221; be\u00e1ll\u00edt\u00e1s\u00fa.<\/p>\n<p>A felv\u00e9tel alapj\u00e1n megh\u00edvottak r\u00e9sz\u00e9re a pr\u00f3baj\u00e1t\u00e9k k\u00e9t fordul\u00f3s.<br \/>\nEls\u0151 fordul\u00f3 (parav\u00e1n m\u00f6g\u00f6tt):<br \/>\n&#8211; Mozart: G-d\u00far (K.313) vagy (D-d\u00far K.314) fuvolaverseny I.t\u00e9tel kadenci\u00e1val<\/p>\n<p>M\u00e1sodik fordul\u00f3 (zenekari r\u00e9szletek):<br \/>\n&#8211; Debussy: Egy faun d\u00e9lut\u00e1nja<br \/>\n&#8211; Ravel: Daphnis \u00e9s Chlo\u00e9<br \/>\n&#8211; Ravel: Bolero<br \/>\n&#8211; Beethoven: VII. szimf\u00f3nia \u2013 1. t\u00e9tel (60 \u2013 80. \u00fctemek)<br \/>\n&#8211; Brahms: IV. szimf\u00f3nia \u2013 4. t\u00e9tel<br \/>\n&#8211; Dvo\u0159\u00e1k: VIII. szimf\u00f3nia \u2013 4. t\u00e9tel<br \/>\n&#8211; Mendelssohn: Szentiv\u00e1n\u00e9ji \u00e1lom \u2013 Scherzo<br \/>\n&#8211; Stravinsky: T\u0171zmad\u00e1r<br \/>\n&#8211; Prokofjev: P\u00e9ter \u00e9s a farkas (2 r\u00e9szlet)<br \/>\n&#8211; Rossini: Tell Vilmos \u2013 nyit\u00e1ny<br \/>\n&#8211; Bart\u00f3k: K\u00e9t k\u00e9p \u2013 Vir\u00e1gz\u00e1s<br \/>\n&#8211; Kod\u00e1ly: Felsz\u00e1llott a p\u00e1va<\/p>\n<p>A zenekari r\u00e9szletek kott\u00e1ja<a href=\"https:\/\/www.filharmonikusok.hu\/wp-content\/uploads\/2023\/04\/Fuvola202304.pdf\"> itt let\u00f6lthet\u0151<\/a>, vagy egyeztet\u00e9s ut\u00e1n \u00e1tvehet\u0151 a zenekar kottat\u00e1r\u00e1ban.<br \/>\nZongorak\u00eds\u00e9r\u0151t a pr\u00f3baj\u00e1t\u00e9kra a zenekar biztos\u00edt. Az \u00e1ll\u00e1s bet\u00f6lt\u00e9s\u00e9hez fels\u0151fok\u00fa szakir\u00e1ny\u00fa v\u00e9gzetts\u00e9g \u00e9s erk\u00f6lcsi bizony\u00edtv\u00e1ny sz\u00fcks\u00e9ges.<\/p>\n<p>Az \u00e1ll\u00e1s bet\u00f6lthet\u0151: 2023. szeptember 1.<\/p>\n<p><strong>Jelentkez\u00e9si hat\u00e1rid\u0151: 2023. m\u00e1jus 7. (vas\u00e1rnap)<\/strong><\/p>\n<p>A bek\u00fcld\u00f6tt felv\u00e9tel alapj\u00e1n kiv\u00e1lasztott p\u00e1ly\u00e1z\u00f3kat m\u00e1jus 12-ig (p\u00e9ntekig) \u00e9rtes\u00edteni fogjuk.<\/p>\n<p>Tov\u00e1bbi inform\u00e1ci\u00f3k: Mali Istv\u00e1n, +36 30 411 66 28<\/p>\n<p>Sikeres pr\u00f3baj\u00e1t\u00e9kot k\u00edv\u00e1nunk!<\/p>\n","protected":false},"excerpt":{"rendered":"<p>A pr\u00f3baj\u00e1t\u00e9k id\u0151pontja: 2023. j\u00fanius 7., (szerda) 10.00 \u00f3ra A pr\u00f3baj\u00e1t\u00e9k helysz\u00edne: a Nemzeti Filharmonikusok pr\u00f3baterme, M\u0171v\u00e9szetek Palot\u00e1ja, 1095 Budapest, Komor Marcell utca 1. VI. emelet A jelentkez\u00e9shez r\u00f6vid szakmai \u00f6n\u00e9letrajzot k\u00e9r\u00fcnk e-mail-ben az al\u00e1bbi c\u00edmre: mali.i@filharmonikusok.hu, valamint egy YouTube csatorn\u00e1ra felt\u00f6lt\u00f6tt, 6 h\u00f3napn\u00e1l nem r\u00e9gebbi felv\u00e9tel linkj\u00e9t az al\u00e1bbi m\u0171vekb\u0151l: &#8211; Telemann: E-d\u00far fant\u00e1zia [&hellip;]<\/p>\n","protected":false},"author":951582,"featured_media":0,"comment_status":"closed","ping_status":"open","sticky":false,"template":"","format":"standard","meta":{"_acf_changed":false,"_monsterinsights_skip_tracking":false,"_monsterinsights_sitenote_active":false,"_monsterinsights_sitenote_note":"","_monsterinsights_sitenote_category":0,"footnotes":""},"categories":[1],"tags":[],"class_list":["post-121019","post","type-post","status-publish","format-standard","hentry","category-egyeb"],"better_featured_image":null,"translation":{"provider":"WPGlobus","version":"3.0.2","language":"en","enabled_languages":["hu","en"],"languages":{"hu":{"title":true,"content":true,"excerpt":false},"en":{"title":false,"content":false,"excerpt":false}}},"acf":[],"publishpress_future_action":{"enabled":false,"date":"2026-05-07 04:26:11","action":"change-status","newStatus":"draft","terms":[],"taxonomy":"category","extraData":[]},"publishpress_future_workflow_manual_trigger":{"enabledWorkflows":[]},"_links":{"self":[{"href":"https:\/\/www.filharmonikusok.hu\/en\/wp-json\/wp\/v2\/posts\/121019","targetHints":{"allow":["GET"]}}],"collection":[{"href":"https:\/\/www.filharmonikusok.hu\/en\/wp-json\/wp\/v2\/posts"}],"about":[{"href":"https:\/\/www.filharmonikusok.hu\/en\/wp-json\/wp\/v2\/types\/post"}],"author":[{"embeddable":true,"href":"https:\/\/www.filharmonikusok.hu\/en\/wp-json\/wp\/v2\/users\/951582"}],"replies":[{"embeddable":true,"href":"https:\/\/www.filharmonikusok.hu\/en\/wp-json\/wp\/v2\/comments?post=121019"}],"version-history":[{"count":5,"href":"https:\/\/www.filharmonikusok.hu\/en\/wp-json\/wp\/v2\/posts\/121019\/revisions"}],"predecessor-version":[{"id":121122,"href":"https:\/\/www.filharmonikusok.hu\/en\/wp-json\/wp\/v2\/posts\/121019\/revisions\/121122"}],"wp:attachment":[{"href":"https:\/\/www.filharmonikusok.hu\/en\/wp-json\/wp\/v2\/media?parent=121019"}],"wp:term":[{"taxonomy":"category","embeddable":true,"href":"https:\/\/www.filharmonikusok.hu\/en\/wp-json\/wp\/v2\/categories?post=121019"},{"taxonomy":"post_tag","embeddable":true,"href":"https:\/\/www.filharmonikusok.hu\/en\/wp-json\/wp\/v2\/tags?post=121019"}],"curies":[{"name":"wp","href":"https:\/\/api.w.org\/{rel}","templated":true}]}}