{"id":118012,"date":"2022-08-22T10:33:44","date_gmt":"2022-08-22T10:33:44","guid":{"rendered":"https:\/\/www.filharmonikusok.hu\/?p=118012"},"modified":"2023-09-05T08:32:31","modified_gmt":"2023-09-05T08:32:31","slug":"gratulalunk","status":"publish","type":"post","link":"https:\/\/www.filharmonikusok.hu\/en\/gratulalunk\/","title":{"rendered":"Gratul\u00e1lunk!"},"content":{"rendered":"<div dir=\"auto\">2023. m\u00e1rcius 15-i \u00e1llami \u00fcnnep alkalm\u00e1b\u00f3l kit\u00fcntetett m\u0171v\u00e9szeink:<\/div>\n<div dir=\"auto\"><\/div>\n<div dir=\"auto\">\n<div dir=\"auto\">A magyar nemzeti kult\u00fara, m\u0171v\u00e9szi alkot\u00f3munka ter\u00fclet\u00e9n v\u00e9gzett kiemelked\u0151 m\u0171v\u00e9szeti \u00e9rt\u00e9kteremt\u0151 munk\u00e1ja elismer\u00e9sek\u00e9nt &#8211; Magyarorsz\u00e1g \u00c9rdemes M\u0171v\u00e9sze d\u00edjban r\u00e9szes\u00fclt Somos J\u00e1nos Csaba DLA Liszt Ferenc-d\u00edjas karmester, a Nemzeti \u00c9nekkar karigazgat\u00f3ja.Magyar Arany \u00c9rdemkereszt polg\u00e1ri tagozat kit\u00fcntet\u00e9sben r\u00e9szes\u00fclt <strong>Somogyi Erika<\/strong>, a Nemzeti \u00c9nekkar \u00e9nekm\u0171v\u00e9sze, <strong>Hatvany L\u00e1szl\u00f3<\/strong>, a Nemzeti \u00c9nekkar nyugalmazott \u00e9nekm\u0171v\u00e9sze, valamint <strong>K\u00f3czi\u00e1s Ferenc<\/strong> harsonam\u0171v\u00e9sz, a Nemzeti Filharmonikus Zenekar sz\u00f3lamvezet\u0151je.<\/div>\n<div dir=\"auto\"><\/div>\n<\/div>\n<div dir=\"auto\">Nagyon sok szeretettel gratul\u00e1lunk!<\/div>\n<div dir=\"auto\"><\/div>\n<div dir=\"auto\"><\/div>\n","protected":false},"excerpt":{"rendered":"<p>2023. m\u00e1rcius 15-i \u00e1llami \u00fcnnep alkalm\u00e1b\u00f3l kit\u00fcntetett m\u0171v\u00e9szeink: A magyar nemzeti kult\u00fara, m\u0171v\u00e9szi alkot\u00f3munka ter\u00fclet\u00e9n v\u00e9gzett kiemelked\u0151 m\u0171v\u00e9szeti \u00e9rt\u00e9kteremt\u0151 munk\u00e1ja elismer\u00e9sek\u00e9nt &#8211; Magyarorsz\u00e1g \u00c9rdemes M\u0171v\u00e9sze d\u00edjban r\u00e9szes\u00fclt Somos J\u00e1nos Csaba DLA Liszt Ferenc-d\u00edjas karmester, a Nemzeti \u00c9nekkar karigazgat\u00f3ja.Magyar Arany \u00c9rdemkereszt polg\u00e1ri tagozat kit\u00fcntet\u00e9sben r\u00e9szes\u00fclt Somogyi Erika, a Nemzeti \u00c9nekkar \u00e9nekm\u0171v\u00e9sze, Hatvany L\u00e1szl\u00f3, a Nemzeti \u00c9nekkar [&hellip;]<\/p>\n","protected":false},"author":951590,"featured_media":0,"comment_status":"closed","ping_status":"open","sticky":false,"template":"","format":"standard","meta":{"_acf_changed":false,"_monsterinsights_skip_tracking":false,"_monsterinsights_sitenote_active":false,"_monsterinsights_sitenote_note":"","_monsterinsights_sitenote_category":0,"footnotes":""},"categories":[4],"tags":[],"class_list":["post-118012","post","type-post","status-publish","format-standard","hentry","category-hirek"],"better_featured_image":null,"translation":{"provider":"WPGlobus","version":"3.0.2","language":"en","enabled_languages":["hu","en"],"languages":{"hu":{"title":true,"content":true,"excerpt":false},"en":{"title":false,"content":false,"excerpt":false}}},"acf":{"lead_szoveg":"","megjelenik_angol_nyelven":true},"publishpress_future_action":{"enabled":false,"date":"2026-05-07 13:10:39","action":"change-status","newStatus":"draft","terms":[],"taxonomy":"category","extraData":[]},"publishpress_future_workflow_manual_trigger":{"enabledWorkflows":[]},"_links":{"self":[{"href":"https:\/\/www.filharmonikusok.hu\/en\/wp-json\/wp\/v2\/posts\/118012","targetHints":{"allow":["GET"]}}],"collection":[{"href":"https:\/\/www.filharmonikusok.hu\/en\/wp-json\/wp\/v2\/posts"}],"about":[{"href":"https:\/\/www.filharmonikusok.hu\/en\/wp-json\/wp\/v2\/types\/post"}],"author":[{"embeddable":true,"href":"https:\/\/www.filharmonikusok.hu\/en\/wp-json\/wp\/v2\/users\/951590"}],"replies":[{"embeddable":true,"href":"https:\/\/www.filharmonikusok.hu\/en\/wp-json\/wp\/v2\/comments?post=118012"}],"version-history":[{"count":20,"href":"https:\/\/www.filharmonikusok.hu\/en\/wp-json\/wp\/v2\/posts\/118012\/revisions"}],"predecessor-version":[{"id":122323,"href":"https:\/\/www.filharmonikusok.hu\/en\/wp-json\/wp\/v2\/posts\/118012\/revisions\/122323"}],"wp:attachment":[{"href":"https:\/\/www.filharmonikusok.hu\/en\/wp-json\/wp\/v2\/media?parent=118012"}],"wp:term":[{"taxonomy":"category","embeddable":true,"href":"https:\/\/www.filharmonikusok.hu\/en\/wp-json\/wp\/v2\/categories?post=118012"},{"taxonomy":"post_tag","embeddable":true,"href":"https:\/\/www.filharmonikusok.hu\/en\/wp-json\/wp\/v2\/tags?post=118012"}],"curies":[{"name":"wp","href":"https:\/\/api.w.org\/{rel}","templated":true}]}}