{"id":114221,"date":"2020-05-13T16:59:54","date_gmt":"2020-05-13T16:59:54","guid":{"rendered":"https:\/\/www.filharmonikusok.hu\/?p=114221"},"modified":"2020-08-06T10:34:56","modified_gmt":"2020-08-06T10:34:56","slug":"filharmonikusok-otthon","status":"publish","type":"post","link":"https:\/\/www.filharmonikusok.hu\/en\/filharmonikusok-otthon\/","title":{"rendered":"Filharmonikusok Otthon"},"content":{"rendered":"<p>A jelenleg is fenn\u00e1ll\u00f3 rendk\u00edv\u00fcli vesz\u00e9lyhelyzet sajnos arra k\u00e9nyszer\u00edtett benn\u00fcnket,<\/p>\n<p>hogy m\u00e1rciust\u00f3l valamennyi hangverseny\u00fcnket lemondjuk a 2019\/20-as \u00e9vadban.<\/p>\n<p>A k\u00f6z\u00f6ss\u00e9gi \u00e9lm\u00e9nyek hi\u00e1ny\u00e1t enyh\u00edtve \u00faj sorozatot ind\u00edtottunk online fel\u00fcleteinken<\/p>\n<p>Filharmonikusok Otthon elnevez\u00e9ssel, melynek keret\u00e9ben egy\u00fctteseink m\u0171v\u00e9szei egy-egy r\u00f6vid zenei \u00fczenettel lepik meg \u00d6n\u00f6ket.<\/p>\n<p>K\u00f6vessenek benn\u00fcnket\u00a0<a href=\"https:\/\/www.facebook.com\/nemzetifilharmonikusok\/\">Facebook<\/a>-, valamint <a href=\"https:\/\/www.instagram.com\/filharmonikusok\/?hl=hu\">Instagram<\/a>-oldalunkon!<\/p>\n<p><img loading=\"lazy\" decoding=\"async\" class=\"alignnone size-large wp-image-114217\" src=\"https:\/\/www.filharmonikusok.hu\/wp-content\/uploads\/2020\/05\/NFZ-promobox-homeoffice-1024x240.jpg\" alt=\"\" width=\"640\" height=\"150\" srcset=\"https:\/\/www.filharmonikusok.hu\/wp-content\/uploads\/2020\/05\/NFZ-promobox-homeoffice-1024x240.jpg 1024w, https:\/\/www.filharmonikusok.hu\/wp-content\/uploads\/2020\/05\/NFZ-promobox-homeoffice-300x70.jpg 300w, https:\/\/www.filharmonikusok.hu\/wp-content\/uploads\/2020\/05\/NFZ-promobox-homeoffice-768x180.jpg 768w, https:\/\/www.filharmonikusok.hu\/wp-content\/uploads\/2020\/05\/NFZ-promobox-homeoffice-1536x360.jpg 1536w, https:\/\/www.filharmonikusok.hu\/wp-content\/uploads\/2020\/05\/NFZ-promobox-homeoffice.jpg 1920w\" sizes=\"auto, (max-width: 640px) 100vw, 640px\" \/><\/p>\n<p>Vigy\u00e1zzanak Magukra! Vigy\u00e1zzunk egym\u00e1sra!<\/p>\n","protected":false},"excerpt":{"rendered":"<p>A jelenleg is fenn\u00e1ll\u00f3 rendk\u00edv\u00fcli vesz\u00e9lyhelyzet sajnos arra k\u00e9nyszer\u00edtett benn\u00fcnket, hogy m\u00e1rciust\u00f3l valamennyi hangverseny\u00fcnket lemondjuk a 2019\/20-as \u00e9vadban. A k\u00f6z\u00f6ss\u00e9gi \u00e9lm\u00e9nyek hi\u00e1ny\u00e1t enyh\u00edtve \u00faj sorozatot ind\u00edtottunk online fel\u00fcleteinken Filharmonikusok Otthon elnevez\u00e9ssel, melynek keret\u00e9ben egy\u00fctteseink m\u0171v\u00e9szei egy-egy r\u00f6vid zenei \u00fczenettel lepik meg \u00d6n\u00f6ket. K\u00f6vessenek benn\u00fcnket\u00a0Facebook-, valamint Instagram-oldalunkon! Vigy\u00e1zzanak Magukra! Vigy\u00e1zzunk egym\u00e1sra!<\/p>\n","protected":false},"author":951590,"featured_media":0,"comment_status":"closed","ping_status":"open","sticky":false,"template":"","format":"standard","meta":{"_acf_changed":false,"_monsterinsights_skip_tracking":false,"_monsterinsights_sitenote_active":false,"_monsterinsights_sitenote_note":"","_monsterinsights_sitenote_category":0,"footnotes":""},"categories":[1,4],"tags":[],"class_list":["post-114221","post","type-post","status-publish","format-standard","hentry","category-egyeb","category-hirek"],"better_featured_image":null,"translation":{"provider":"WPGlobus","version":"3.0.2","language":"en","enabled_languages":["hu","en"],"languages":{"hu":{"title":true,"content":true,"excerpt":false},"en":{"title":false,"content":false,"excerpt":false}}},"acf":{"lead_szoveg":"","megjelenik_angol_nyelven":true},"publishpress_future_action":{"enabled":false,"date":"2026-05-09 12:07:46","action":"change-status","newStatus":"draft","terms":[],"taxonomy":"category","extraData":[]},"publishpress_future_workflow_manual_trigger":{"enabledWorkflows":[]},"_links":{"self":[{"href":"https:\/\/www.filharmonikusok.hu\/en\/wp-json\/wp\/v2\/posts\/114221","targetHints":{"allow":["GET"]}}],"collection":[{"href":"https:\/\/www.filharmonikusok.hu\/en\/wp-json\/wp\/v2\/posts"}],"about":[{"href":"https:\/\/www.filharmonikusok.hu\/en\/wp-json\/wp\/v2\/types\/post"}],"author":[{"embeddable":true,"href":"https:\/\/www.filharmonikusok.hu\/en\/wp-json\/wp\/v2\/users\/951590"}],"replies":[{"embeddable":true,"href":"https:\/\/www.filharmonikusok.hu\/en\/wp-json\/wp\/v2\/comments?post=114221"}],"version-history":[{"count":5,"href":"https:\/\/www.filharmonikusok.hu\/en\/wp-json\/wp\/v2\/posts\/114221\/revisions"}],"predecessor-version":[{"id":115614,"href":"https:\/\/www.filharmonikusok.hu\/en\/wp-json\/wp\/v2\/posts\/114221\/revisions\/115614"}],"wp:attachment":[{"href":"https:\/\/www.filharmonikusok.hu\/en\/wp-json\/wp\/v2\/media?parent=114221"}],"wp:term":[{"taxonomy":"category","embeddable":true,"href":"https:\/\/www.filharmonikusok.hu\/en\/wp-json\/wp\/v2\/categories?post=114221"},{"taxonomy":"post_tag","embeddable":true,"href":"https:\/\/www.filharmonikusok.hu\/en\/wp-json\/wp\/v2\/tags?post=114221"}],"curies":[{"name":"wp","href":"https:\/\/api.w.org\/{rel}","templated":true}]}}