{"id":113207,"date":"2020-02-26T14:03:33","date_gmt":"2020-02-26T14:03:33","guid":{"rendered":"https:\/\/www.filharmonikusok.hu\/?p=113207"},"modified":"2020-02-26T14:03:33","modified_gmt":"2020-02-26T14:03:33","slug":"probajatek-csello-tutti-helyettesitesi-allasra","status":"publish","type":"post","link":"https:\/\/www.filharmonikusok.hu\/en\/probajatek-csello-tutti-helyettesitesi-allasra\/","title":{"rendered":"Pr\u00f3baj\u00e1t\u00e9k csell\u00f3 tutti helyettes\u00edt\u00e9si \u00e1ll\u00e1sra"},"content":{"rendered":"<p><strong>A Nemzeti Filharmonikus Zenekar pr\u00f3baj\u00e1t\u00e9kot hirdet <\/strong><strong>csell\u00f3 tutti helyettes\u00edt\u00e9si \u00e1ll\u00e1sra<\/strong><\/p>\n<p><strong><u>A pr\u00f3baj\u00e1t\u00e9k id\u0151pontja:<\/u><\/strong> 2020. m\u00e1jus 5. (kedd) 10:00<\/p>\n<p><strong><u>A pr\u00f3baj\u00e1t\u00e9k helysz\u00edne:<\/u><\/strong> a Nemzeti Filharmonikusok pr\u00f3baterme, M\u0171v\u00e9szetek Palot\u00e1ja, 1095 Budapest, Komor Marcell utca 1. VI. emelet<\/p>\n<p><img loading=\"lazy\" decoding=\"async\" class=\"alignnone size-large wp-image-113214\" src=\"https:\/\/www.filharmonikusok.hu\/wp-content\/uploads\/2020\/02\/Martonv\u00e1s\u00e1r-2019@MNF_Hargitay-Oliv\u00e9r-1024x683.jpg\" alt=\"\" width=\"640\" height=\"427\" srcset=\"https:\/\/www.filharmonikusok.hu\/wp-content\/uploads\/2020\/02\/Martonv\u00e1s\u00e1r-2019@MNF_Hargitay-Oliv\u00e9r-1024x683.jpg 1024w, https:\/\/www.filharmonikusok.hu\/wp-content\/uploads\/2020\/02\/Martonv\u00e1s\u00e1r-2019@MNF_Hargitay-Oliv\u00e9r-300x200.jpg 300w, https:\/\/www.filharmonikusok.hu\/wp-content\/uploads\/2020\/02\/Martonv\u00e1s\u00e1r-2019@MNF_Hargitay-Oliv\u00e9r-768x512.jpg 768w, https:\/\/www.filharmonikusok.hu\/wp-content\/uploads\/2020\/02\/Martonv\u00e1s\u00e1r-2019@MNF_Hargitay-Oliv\u00e9r-1536x1024.jpg 1536w, https:\/\/www.filharmonikusok.hu\/wp-content\/uploads\/2020\/02\/Martonv\u00e1s\u00e1r-2019@MNF_Hargitay-Oliv\u00e9r-2048x1365.jpg 2048w\" sizes=\"auto, (max-width: 640px) 100vw, 640px\" \/><\/p>\n<p>A pr\u00f3baj\u00e1t\u00e9k k\u00e9tfordul\u00f3s.<\/p>\n<ul>\n<li><u>Els\u0151 fordul\u00f3: <\/u>J. Haydn: C-d\u00far -, vagy D-d\u00far csell\u00f3verseny I. t\u00e9tel, kadenci\u00e1val<\/li>\n<li><u>M\u00e1sodik fordul\u00f3<\/u>: zenekari r\u00e9szletek<\/li>\n<\/ul>\n<p>A zenekari r\u00e9szletek kott\u00e1ja <a href=\"https:\/\/www.filharmonikusok.hu\/wp-content\/uploads\/2020\/02\/Csell\u00f3-pr\u00f3baj\u00e1t\u00e9k-2020.pdf\"><strong>itt let\u00f6lthet\u0151<\/strong><\/a>, vagy egyeztet\u00e9s ut\u00e1n \u00e1tvehet\u0151 a zenekar kottat\u00e1r\u00e1ban. Zongorak\u00eds\u00e9r\u0151t a pr\u00f3baj\u00e1t\u00e9kra a zenekar biztos\u00edt.<\/p>\n<p>A helyettes\u00edt\u00e9si \u00e1ll\u00e1s a 2020\/2021-es \u00e9vad kezdet\u00e9t\u0151l hat\u00e1rozott id\u0151re sz\u00f3l.<\/p>\n<p>A jelentkez\u00e9shez r\u00f6vid szakmai \u00f6n\u00e9letrajzot k\u00e9r\u00fcnk e-mail-ben az al\u00e1bbi c\u00edmre: <u><a href=\"mailto:mali.i@filharmonikusok.hu\">mali.i@filharmonikusok.hu<\/a><\/u><\/p>\n<p><strong><u>Jelentkez\u00e9si hat\u00e1rid\u0151:<\/u><\/strong> <strong>2020. \u00e1prilis 26.<\/strong><\/p>\n<p>Tov\u00e1bbi inform\u00e1ci\u00f3k: 30\/ 411 66 28<\/p>\n<p>Sikeres pr\u00f3baj\u00e1t\u00e9kot k\u00edv\u00e1nunk!<\/p>\n","protected":false},"excerpt":{"rendered":"<p>A Nemzeti Filharmonikus Zenekar pr\u00f3baj\u00e1t\u00e9kot hirdet csell\u00f3 tutti helyettes\u00edt\u00e9si \u00e1ll\u00e1sra A pr\u00f3baj\u00e1t\u00e9k id\u0151pontja: 2020. m\u00e1jus 5. (kedd) 10:00 A pr\u00f3baj\u00e1t\u00e9k helysz\u00edne: a Nemzeti Filharmonikusok pr\u00f3baterme, M\u0171v\u00e9szetek Palot\u00e1ja, 1095 Budapest, Komor Marcell utca 1. VI. emelet A pr\u00f3baj\u00e1t\u00e9k k\u00e9tfordul\u00f3s. Els\u0151 fordul\u00f3: J. Haydn: C-d\u00far -, vagy D-d\u00far csell\u00f3verseny I. t\u00e9tel, kadenci\u00e1val M\u00e1sodik fordul\u00f3: zenekari r\u00e9szletek A [&hellip;]<\/p>\n","protected":false},"author":951582,"featured_media":0,"comment_status":"closed","ping_status":"open","sticky":false,"template":"","format":"standard","meta":{"_acf_changed":false,"_monsterinsights_skip_tracking":false,"_monsterinsights_sitenote_active":false,"_monsterinsights_sitenote_note":"","_monsterinsights_sitenote_category":0,"footnotes":""},"categories":[4],"tags":[],"class_list":["post-113207","post","type-post","status-publish","format-standard","hentry","category-hirek"],"better_featured_image":null,"translation":{"provider":"WPGlobus","version":"3.0.2","language":"en","enabled_languages":["hu","en"],"languages":{"hu":{"title":true,"content":true,"excerpt":false},"en":{"title":false,"content":false,"excerpt":false}}},"acf":{"lead_szoveg":"","megjelenik_angol_nyelven":true},"publishpress_future_action":{"enabled":false,"date":"2026-05-07 20:08:55","action":"change-status","newStatus":"draft","terms":[],"taxonomy":"category","extraData":[]},"publishpress_future_workflow_manual_trigger":{"enabledWorkflows":[]},"_links":{"self":[{"href":"https:\/\/www.filharmonikusok.hu\/en\/wp-json\/wp\/v2\/posts\/113207","targetHints":{"allow":["GET"]}}],"collection":[{"href":"https:\/\/www.filharmonikusok.hu\/en\/wp-json\/wp\/v2\/posts"}],"about":[{"href":"https:\/\/www.filharmonikusok.hu\/en\/wp-json\/wp\/v2\/types\/post"}],"author":[{"embeddable":true,"href":"https:\/\/www.filharmonikusok.hu\/en\/wp-json\/wp\/v2\/users\/951582"}],"replies":[{"embeddable":true,"href":"https:\/\/www.filharmonikusok.hu\/en\/wp-json\/wp\/v2\/comments?post=113207"}],"version-history":[{"count":5,"href":"https:\/\/www.filharmonikusok.hu\/en\/wp-json\/wp\/v2\/posts\/113207\/revisions"}],"predecessor-version":[{"id":113232,"href":"https:\/\/www.filharmonikusok.hu\/en\/wp-json\/wp\/v2\/posts\/113207\/revisions\/113232"}],"wp:attachment":[{"href":"https:\/\/www.filharmonikusok.hu\/en\/wp-json\/wp\/v2\/media?parent=113207"}],"wp:term":[{"taxonomy":"category","embeddable":true,"href":"https:\/\/www.filharmonikusok.hu\/en\/wp-json\/wp\/v2\/categories?post=113207"},{"taxonomy":"post_tag","embeddable":true,"href":"https:\/\/www.filharmonikusok.hu\/en\/wp-json\/wp\/v2\/tags?post=113207"}],"curies":[{"name":"wp","href":"https:\/\/api.w.org\/{rel}","templated":true}]}}