{"id":111627,"date":"2019-08-21T09:09:24","date_gmt":"2019-08-21T09:09:24","guid":{"rendered":"http:\/\/www.filharmonikusok.hu\/?p=111627"},"modified":"2019-08-21T09:48:34","modified_gmt":"2019-08-21T09:48:34","slug":"az-allamalapitas-unnepe-augusztus-20-a-alkalmabol-a-nemzeti-filharmonikusok-harom-tagja-allami-elismeresben-reszesult","status":"publish","type":"post","link":"https:\/\/www.filharmonikusok.hu\/en\/az-allamalapitas-unnepe-augusztus-20-a-alkalmabol-a-nemzeti-filharmonikusok-harom-tagja-allami-elismeresben-reszesult\/","title":{"rendered":"Az \u00e1llamalap\u00edt\u00e1s \u00fcnnepe, augusztus 20-a alkalm\u00e1b\u00f3l a Nemzeti Filharmonikusok h\u00e1rom tagja \u00e1llami elismer\u00e9sben r\u00e9szes\u00fclt"},"content":{"rendered":"<p><strong>Boros S\u00e1ndor<\/strong>\u00a0\u00e9s\u00a0<strong>Mukli Gyula<\/strong>, a Nemzeti \u00c9nekkar \u00e9s a Four Fathers \u00c9nekegy\u00fcttes k\u00e9t tagja a magyar zenekult\u00fara \u00e9s k\u00f3rus\u00e9nekl\u00e9s hagyom\u00e1nyainak \u00e1pol\u00e1s\u00e1t, valamint az a cappella m\u0171faj n\u00e9pszer\u0171s\u00edt\u00e9s\u00e9t szolg\u00e1l\u00f3 el\u0151ad\u00f3m\u0171v\u00e9szete elismer\u00e9sek\u00e9nt a Magyar Bronz \u00c9rdemkereszt Polg\u00e1ri Tagozat kit\u00fcntet\u00e9st vehette \u00e1t.<\/p>\n<p><strong>Mali Istv\u00e1n,<\/strong>\u00a0a Nemzeti Filharmonikusok vezet\u0151 zenekari menedzsere a kult\u00fara \u00e9s a k\u00f6zm\u0171vel\u0151d\u00e9s ter\u00fclet\u00e9n v\u00e9gzett kiemelked\u0151 szakmai tev\u00e9kenys\u00e9ge elismer\u00e9sek\u00e9nt\u00a0B\u00e1nffy Mikl\u00f3s-d\u00edjban\u00a0r\u00e9szes\u00fclt.<\/p>\n<div id=\"attachment_111633\" style=\"width: 650px\" class=\"wp-caption aligncenter\"><img loading=\"lazy\" decoding=\"async\" aria-describedby=\"caption-attachment-111633\" class=\"wp-image-111633 size-large\" src=\"http:\/\/www.filharmonikusok.hu\/wp-content\/uploads\/2019\/08\/allami-kituntetes-1024x332.png\" alt=\"\" width=\"640\" height=\"208\" srcset=\"https:\/\/www.filharmonikusok.hu\/wp-content\/uploads\/2019\/08\/allami-kituntetes-1024x332.png 1024w, https:\/\/www.filharmonikusok.hu\/wp-content\/uploads\/2019\/08\/allami-kituntetes-300x97.png 300w, https:\/\/www.filharmonikusok.hu\/wp-content\/uploads\/2019\/08\/allami-kituntetes-768x249.png 768w, https:\/\/www.filharmonikusok.hu\/wp-content\/uploads\/2019\/08\/allami-kituntetes.png 1417w\" sizes=\"auto, (max-width: 640px) 100vw, 640px\" \/><p id=\"caption-attachment-111633\" class=\"wp-caption-text\">Boros S\u00e1ndor, Mali Istv\u00e1n \u00e9s Mukli Gyula<\/p><\/div>\n","protected":false},"excerpt":{"rendered":"<p>Boros S\u00e1ndor\u00a0\u00e9s\u00a0Mukli Gyula, a Nemzeti \u00c9nekkar \u00e9s a Four Fathers \u00c9nekegy\u00fcttes k\u00e9t tagja a magyar zenekult\u00fara \u00e9s k\u00f3rus\u00e9nekl\u00e9s hagyom\u00e1nyainak \u00e1pol\u00e1s\u00e1t, valamint az a cappella m\u0171faj n\u00e9pszer\u0171s\u00edt\u00e9s\u00e9t szolg\u00e1l\u00f3 el\u0151ad\u00f3m\u0171v\u00e9szete elismer\u00e9sek\u00e9nt a Magyar Bronz \u00c9rdemkereszt Polg\u00e1ri Tagozat kit\u00fcntet\u00e9st vehette \u00e1t. Mali Istv\u00e1n,\u00a0a Nemzeti Filharmonikusok vezet\u0151 zenekari menedzsere a kult\u00fara \u00e9s a k\u00f6zm\u0171vel\u0151d\u00e9s ter\u00fclet\u00e9n v\u00e9gzett kiemelked\u0151 szakmai tev\u00e9kenys\u00e9ge [&hellip;]<\/p>\n","protected":false},"author":951589,"featured_media":111633,"comment_status":"closed","ping_status":"open","sticky":false,"template":"","format":"standard","meta":{"_acf_changed":false,"_monsterinsights_skip_tracking":false,"_monsterinsights_sitenote_active":false,"_monsterinsights_sitenote_note":"","_monsterinsights_sitenote_category":0,"footnotes":""},"categories":[4],"tags":[],"class_list":["post-111627","post","type-post","status-publish","format-standard","has-post-thumbnail","hentry","category-hirek"],"better_featured_image":{"id":111633,"alt_text":"","caption":"","description":"","media_type":"image","media_details":{"width":1417,"height":460,"file":"2019\/08\/allami-kituntetes.png","sizes":{"thumbnail":{"file":"allami-kituntetes-150x150.png","width":150,"height":150,"mime-type":"image\/png","source_url":"https:\/\/www.filharmonikusok.hu\/wp-content\/uploads\/2019\/08\/allami-kituntetes-150x150.png"},"medium":{"file":"allami-kituntetes-300x97.png","width":300,"height":97,"mime-type":"image\/png","source_url":"https:\/\/www.filharmonikusok.hu\/wp-content\/uploads\/2019\/08\/allami-kituntetes-300x97.png"},"medium_large":{"file":"allami-kituntetes-768x249.png","width":768,"height":249,"mime-type":"image\/png","source_url":"https:\/\/www.filharmonikusok.hu\/wp-content\/uploads\/2019\/08\/allami-kituntetes-768x249.png"},"large":{"file":"allami-kituntetes-1024x332.png","width":1024,"height":332,"mime-type":"image\/png","source_url":"https:\/\/www.filharmonikusok.hu\/wp-content\/uploads\/2019\/08\/allami-kituntetes-1024x332.png"},"person-size":{"file":"allami-kituntetes-165x165.png","width":165,"height":165,"mime-type":"image\/png","source_url":"https:\/\/www.filharmonikusok.hu\/wp-content\/uploads\/2019\/08\/allami-kituntetes-165x165.png"},"person-size-2":{"file":"allami-kituntetes-165x220.png","width":165,"height":220,"mime-type":"image\/png","source_url":"https:\/\/www.filharmonikusok.hu\/wp-content\/uploads\/2019\/08\/allami-kituntetes-165x220.png"},"album-size":{"file":"allami-kituntetes-263x263.png","width":263,"height":263,"mime-type":"image\/png","source_url":"https:\/\/www.filharmonikusok.hu\/wp-content\/uploads\/2019\/08\/allami-kituntetes-263x263.png"},"news-lead-size":{"file":"allami-kituntetes-360x203.png","width":360,"height":203,"mime-type":"image\/png","source_url":"https:\/\/www.filharmonikusok.hu\/wp-content\/uploads\/2019\/08\/allami-kituntetes-360x203.png"},"director-index-size":{"file":"allami-kituntetes-359x450.png","width":359,"height":450,"mime-type":"image\/png","source_url":"https:\/\/www.filharmonikusok.hu\/wp-content\/uploads\/2019\/08\/allami-kituntetes-359x450.png"},"person-lead-size":{"file":"allami-kituntetes-555x460.png","width":555,"height":460,"mime-type":"image\/png","source_url":"https:\/\/www.filharmonikusok.hu\/wp-content\/uploads\/2019\/08\/allami-kituntetes-555x460.png"}},"image_meta":{"aperture":"0","credit":"","camera":"","caption":"","created_timestamp":"0","copyright":"","focal_length":"0","iso":"0","shutter_speed":"0","title":"","orientation":"0","keywords":[]}},"post":111627,"source_url":"https:\/\/www.filharmonikusok.hu\/wp-content\/uploads\/2019\/08\/allami-kituntetes.png"},"translation":{"provider":"WPGlobus","version":"3.0.2","language":"en","enabled_languages":["hu","en"],"languages":{"hu":{"title":true,"content":true,"excerpt":false},"en":{"title":false,"content":false,"excerpt":false}}},"acf":{"lead_szoveg":"","megjelenik_angol_nyelven":true},"publishpress_future_action":{"enabled":false,"date":"2026-05-09 13:09:26","action":"change-status","newStatus":"draft","terms":[],"taxonomy":"category","extraData":[]},"publishpress_future_workflow_manual_trigger":{"enabledWorkflows":[]},"_links":{"self":[{"href":"https:\/\/www.filharmonikusok.hu\/en\/wp-json\/wp\/v2\/posts\/111627","targetHints":{"allow":["GET"]}}],"collection":[{"href":"https:\/\/www.filharmonikusok.hu\/en\/wp-json\/wp\/v2\/posts"}],"about":[{"href":"https:\/\/www.filharmonikusok.hu\/en\/wp-json\/wp\/v2\/types\/post"}],"author":[{"embeddable":true,"href":"https:\/\/www.filharmonikusok.hu\/en\/wp-json\/wp\/v2\/users\/951589"}],"replies":[{"embeddable":true,"href":"https:\/\/www.filharmonikusok.hu\/en\/wp-json\/wp\/v2\/comments?post=111627"}],"version-history":[{"count":6,"href":"https:\/\/www.filharmonikusok.hu\/en\/wp-json\/wp\/v2\/posts\/111627\/revisions"}],"predecessor-version":[{"id":114162,"href":"https:\/\/www.filharmonikusok.hu\/en\/wp-json\/wp\/v2\/posts\/111627\/revisions\/114162"}],"wp:featuredmedia":[{"embeddable":true,"href":"https:\/\/www.filharmonikusok.hu\/en\/wp-json\/wp\/v2\/media\/111633"}],"wp:attachment":[{"href":"https:\/\/www.filharmonikusok.hu\/en\/wp-json\/wp\/v2\/media?parent=111627"}],"wp:term":[{"taxonomy":"category","embeddable":true,"href":"https:\/\/www.filharmonikusok.hu\/en\/wp-json\/wp\/v2\/categories?post=111627"},{"taxonomy":"post_tag","embeddable":true,"href":"https:\/\/www.filharmonikusok.hu\/en\/wp-json\/wp\/v2\/tags?post=111627"}],"curies":[{"name":"wp","href":"https:\/\/api.w.org\/{rel}","templated":true}]}}