{"id":108469,"date":"2018-11-27T15:25:58","date_gmt":"2018-11-27T15:25:58","guid":{"rendered":"http:\/\/www.filharmonikusok.hu\/?p=108469"},"modified":"2018-11-27T15:59:35","modified_gmt":"2018-11-27T15:59:35","slug":"meghallgatas-a-nemzeti-enekkar-enekmuvesz-statuszara","status":"publish","type":"post","link":"https:\/\/www.filharmonikusok.hu\/en\/meghallgatas-a-nemzeti-enekkar-enekmuvesz-statuszara\/","title":{"rendered":"Meghallgat\u00e1s a Nemzeti \u00c9nekkar \u00e9nekm\u0171v\u00e9sz st\u00e1tusz\u00e1ra"},"content":{"rendered":"<p>A MNF Magyar Nemzeti Filharmonikus Zenekar, \u00c9nekkar \u00e9s Kottat\u00e1r Nonprofit Kft. a Magyar Nemzeti \u00c9nekkar tags\u00e1ga 2019. \u00e9v folyam\u00e1n nyugd\u00edjaz\u00e1s miatt meg\u00fcresed\u0151 \u00e9nekm\u0171v\u00e9szi st\u00e1tuszaira, valamint az esetlegesen felmer\u00fcl\u0151 kiseg\u00edt\u0151i feladatokra meghallgat\u00e1st hirdet:<\/p>\n<p>&nbsp;<\/p>\n<ul>\n<li>szopr\u00e1n,<\/li>\n<li>mezzo,<\/li>\n<li>alt,<\/li>\n<li>tenor,<\/li>\n<li>bariton,<\/li>\n<li>basszus sz\u00f3lamban <strong>szakir\u00e1ny\u00fa fels\u0151fok\u00fa v\u00e9gzetts\u00e9ggel<\/strong> rendelkez\u0151 \u00e9nekesek sz\u00e1m\u00e1ra.<\/li>\n<\/ul>\n<p>&nbsp;<\/p>\n<p>A meghallgat\u00e1st a Nemzeti \u00c9nekkar pr\u00f3baterm\u00e9ben tartjuk 2019. janu\u00e1r\/febru\u00e1r h\u00f3napokban, melyre el\u0151zetes id\u0151pont-egyeztet\u00e9s ut\u00e1n h\u00edvjuk be a jelentkez\u0151ket.<\/p>\n<p>&nbsp;<\/p>\n<p>A meghallgat\u00e1s anyaga:<\/p>\n<ol>\n<li>Szabadon v\u00e1lasztott sk\u00e1la, melyen a hangterjedelmet megfelel\u0151en tudja bemutatni a jelentkez\u0151.<\/li>\n<\/ol>\n<ol start=\"2\">\n<li>K\u00e9t szabadon v\u00e1lasztott, k\u00fcl\u00f6nb\u00f6z\u0151 karakter\u0171 darab (\u00e1ria, vagy dal) el\u0151ad\u00e1sa (zongorak\u00eds\u00e9r\u0151t biztos\u00edtunk, de a kott\u00e1t k\u00e9rj\u00fck el\u0151re elk\u00fcldeni)<\/li>\n<\/ol>\n<ol start=\"3\">\n<li>El\u0151re megadott \u00e9nekkari \u00e1ll\u00e1sok el\u0151ad\u00e1sa zongorak\u00eds\u00e9rettel az al\u00e1bbi m\u0171vekb\u0151l (kott\u00e1t a jelentkez\u00e9si hat\u00e1rid\u0151 ut\u00e1n biztos\u00edtunk):<\/li>\n<\/ol>\n<ul>\n<li>Bach: h-moll mise<\/li>\n<li>Brahms: N\u00e9met Requiem<\/li>\n<li>Bart\u00f3k: Cantata profana<\/li>\n<li>Verdi: Quattro pezzi sacri<\/li>\n<li>Verdi: Requiem<\/li>\n<\/ul>\n<ol start=\"4\">\n<li>Lapr\u00f3l olvas\u00e1s<\/li>\n<\/ol>\n<p>&nbsp;<\/p>\n<p>&nbsp;<\/p>\n<p>Jelentkez\u00e9s\u00a0<strong>r\u00e9szletes szakmai \u00f6n\u00e9letrajzzal, a pontos sz\u00f3lam megjel\u00f6l\u00e9s\u00e9vel<\/strong> <strong>2018. december 16-a \u00e9jf\u00e9lig<\/strong> T\u00f3th Antal \u00e9nekkari menedzsern\u00e9l a <a href=\"mailto:toth.a@filharmonikusok.hu\">toth.a@filharmonikusok.hu<\/a> e-mailc\u00edmen.<\/p>\n<h6><\/h6>\n<p>&nbsp;<\/p>\n<h6>Az MNF Magyar Nemzeti Filharmonikus Zenekar, \u00c9nekkar \u00e9s Kottat\u00e1r Nonprofit Kft. mindig a legmegfelel\u0151bb jel\u00f6ltet igyekszik megtal\u00e1lni, tekintet n\u00e9lk\u00fcl a jel\u00f6lt etnikai hovatartoz\u00e1s\u00e1ra, politikai be\u00e1ll\u00edtotts\u00e1g\u00e1ra, vall\u00e1s\u00e1ra vagy filoz\u00f3fiai meggy\u0151z\u0151d\u00e9s\u00e9re, szakszervezeti tags\u00e1g\u00e1ra, eg\u00e9szs\u00e9g\u00e9re vagy szexu\u00e1lis ir\u00e1nyults\u00e1g\u00e1ra.<\/h6>\n<h6>K\u00e9rj\u00fck, ne k\u00fcldj\u00f6n r\u00e9sz\u00fcnkre olyan \u00f6n\u00e9letrajzot, motiv\u00e1ci\u00f3s levelet vagy m\u00e1s mell\u00e9kletet, amely a k\u00f6vetkez\u0151k valamelyik\u00e9t vagy mindegyik\u00e9t tartalmazza: f\u00e9nyk\u00e9p, \u00e9rdekl\u0151d\u00e9si k\u00f6r, hobbi, egy\u00e9b olyan adat, amely nem relev\u00e1ns a munkaviszony l\u00e9tes\u00edt\u00e9se, teljes\u00edt\u00e9se, megsz\u0171n\u00e9se szempontj\u00e1b\u00f3l.<\/h6>\n<h6>Tov\u00e1bb\u00e1 arra k\u00e9rj\u00fck, hogy ne osszon meg vel\u00fcnk semmilyen az el\u0151z\u0151, vagy jelenlegi munkahely\u00e9vel kapcsolatos \u00fczleti titkot vagy v\u00e1llalati inform\u00e1ci\u00f3t.<\/h6>\n","protected":false},"excerpt":{"rendered":"<p>A MNF Magyar Nemzeti Filharmonikus Zenekar, \u00c9nekkar \u00e9s Kottat\u00e1r Nonprofit Kft. a Magyar Nemzeti \u00c9nekkar tags\u00e1ga 2019. \u00e9v folyam\u00e1n nyugd\u00edjaz\u00e1s miatt meg\u00fcresed\u0151 \u00e9nekm\u0171v\u00e9szi st\u00e1tuszaira, valamint az esetlegesen felmer\u00fcl\u0151 kiseg\u00edt\u0151i feladatokra meghallgat\u00e1st hirdet: &nbsp; szopr\u00e1n, mezzo, alt, tenor, bariton, basszus sz\u00f3lamban szakir\u00e1ny\u00fa fels\u0151fok\u00fa v\u00e9gzetts\u00e9ggel rendelkez\u0151 \u00e9nekesek sz\u00e1m\u00e1ra. &nbsp; A meghallgat\u00e1st a Nemzeti \u00c9nekkar pr\u00f3baterm\u00e9ben tartjuk 2019. [&hellip;]<\/p>\n","protected":false},"author":951582,"featured_media":108472,"comment_status":"closed","ping_status":"open","sticky":false,"template":"","format":"standard","meta":{"_acf_changed":false,"_monsterinsights_skip_tracking":false,"_monsterinsights_sitenote_active":false,"_monsterinsights_sitenote_note":"","_monsterinsights_sitenote_category":0,"footnotes":""},"categories":[4],"tags":[],"class_list":["post-108469","post","type-post","status-publish","format-standard","has-post-thumbnail","hentry","category-hirek"],"better_featured_image":{"id":108472,"alt_text":"","caption":"","description":"","media_type":"image","media_details":{"width":3543,"height":2362,"file":"2018\/11\/Nemzeti-\u00c9nekkar_2018.09.17@MNF_Csatl\u00f3s-Norbert_094.jpg","sizes":{"thumbnail":{"file":"Nemzeti-\u00c9nekkar_2018.09.17@MNF_Csatl\u00f3s-Norbert_094-150x150.jpg","width":150,"height":150,"mime-type":"image\/jpeg","source_url":"https:\/\/www.filharmonikusok.hu\/wp-content\/uploads\/2018\/11\/Nemzeti-\u00c9nekkar_2018.09.17@MNF_Csatl\u00f3s-Norbert_094-150x150.jpg"},"medium":{"file":"Nemzeti-\u00c9nekkar_2018.09.17@MNF_Csatl\u00f3s-Norbert_094-300x200.jpg","width":300,"height":200,"mime-type":"image\/jpeg","source_url":"https:\/\/www.filharmonikusok.hu\/wp-content\/uploads\/2018\/11\/Nemzeti-\u00c9nekkar_2018.09.17@MNF_Csatl\u00f3s-Norbert_094-300x200.jpg"},"medium_large":{"file":"Nemzeti-\u00c9nekkar_2018.09.17@MNF_Csatl\u00f3s-Norbert_094-768x512.jpg","width":768,"height":512,"mime-type":"image\/jpeg","source_url":"https:\/\/www.filharmonikusok.hu\/wp-content\/uploads\/2018\/11\/Nemzeti-\u00c9nekkar_2018.09.17@MNF_Csatl\u00f3s-Norbert_094-768x512.jpg"},"large":{"file":"Nemzeti-\u00c9nekkar_2018.09.17@MNF_Csatl\u00f3s-Norbert_094-1024x683.jpg","width":1024,"height":683,"mime-type":"image\/jpeg","source_url":"https:\/\/www.filharmonikusok.hu\/wp-content\/uploads\/2018\/11\/Nemzeti-\u00c9nekkar_2018.09.17@MNF_Csatl\u00f3s-Norbert_094-1024x683.jpg"},"person-size":{"file":"Nemzeti-\u00c9nekkar_2018.09.17@MNF_Csatl\u00f3s-Norbert_094-165x165.jpg","width":165,"height":165,"mime-type":"image\/jpeg","source_url":"https:\/\/www.filharmonikusok.hu\/wp-content\/uploads\/2018\/11\/Nemzeti-\u00c9nekkar_2018.09.17@MNF_Csatl\u00f3s-Norbert_094-165x165.jpg"},"album-size":{"file":"Nemzeti-\u00c9nekkar_2018.09.17@MNF_Csatl\u00f3s-Norbert_094-263x263.jpg","width":263,"height":263,"mime-type":"image\/jpeg","source_url":"https:\/\/www.filharmonikusok.hu\/wp-content\/uploads\/2018\/11\/Nemzeti-\u00c9nekkar_2018.09.17@MNF_Csatl\u00f3s-Norbert_094-263x263.jpg"},"news-lead-size":{"file":"Nemzeti-\u00c9nekkar_2018.09.17@MNF_Csatl\u00f3s-Norbert_094-360x203.jpg","width":360,"height":203,"mime-type":"image\/jpeg","source_url":"https:\/\/www.filharmonikusok.hu\/wp-content\/uploads\/2018\/11\/Nemzeti-\u00c9nekkar_2018.09.17@MNF_Csatl\u00f3s-Norbert_094-360x203.jpg"},"director-index-size":{"file":"Nemzeti-\u00c9nekkar_2018.09.17@MNF_Csatl\u00f3s-Norbert_094-359x450.jpg","width":359,"height":450,"mime-type":"image\/jpeg","source_url":"https:\/\/www.filharmonikusok.hu\/wp-content\/uploads\/2018\/11\/Nemzeti-\u00c9nekkar_2018.09.17@MNF_Csatl\u00f3s-Norbert_094-359x450.jpg"},"person-lead-size":{"file":"Nemzeti-\u00c9nekkar_2018.09.17@MNF_Csatl\u00f3s-Norbert_094-555x555.jpg","width":555,"height":555,"mime-type":"image\/jpeg","source_url":"https:\/\/www.filharmonikusok.hu\/wp-content\/uploads\/2018\/11\/Nemzeti-\u00c9nekkar_2018.09.17@MNF_Csatl\u00f3s-Norbert_094-555x555.jpg"},"slider-size":{"file":"Nemzeti-\u00c9nekkar_2018.09.17@MNF_Csatl\u00f3s-Norbert_094-1600x722.jpg","width":1600,"height":722,"mime-type":"image\/jpeg","source_url":"https:\/\/www.filharmonikusok.hu\/wp-content\/uploads\/2018\/11\/Nemzeti-\u00c9nekkar_2018.09.17@MNF_Csatl\u00f3s-Norbert_094-1600x722.jpg"}},"image_meta":{"aperture":"2.8","credit":"","camera":"NIKON D810","caption":"","created_timestamp":"1537215968","copyright":"","focal_length":"170","iso":"1600","shutter_speed":"0.003125","title":"","orientation":"1","keywords":[]}},"post":108469,"source_url":"https:\/\/www.filharmonikusok.hu\/wp-content\/uploads\/2018\/11\/Nemzeti-\u00c9nekkar_2018.09.17@MNF_Csatl\u00f3s-Norbert_094.jpg"},"translation":{"provider":"WPGlobus","version":"3.0.2","language":"en","enabled_languages":["hu","en"],"languages":{"hu":{"title":true,"content":true,"excerpt":false},"en":{"title":false,"content":false,"excerpt":false}}},"acf":{"lead_szoveg":"","megjelenik_angol_nyelven":false},"publishpress_future_action":{"enabled":false,"date":"2026-05-07 21:19:30","action":"change-status","newStatus":"draft","terms":[],"taxonomy":"category","extraData":[]},"publishpress_future_workflow_manual_trigger":{"enabledWorkflows":[]},"_links":{"self":[{"href":"https:\/\/www.filharmonikusok.hu\/en\/wp-json\/wp\/v2\/posts\/108469","targetHints":{"allow":["GET"]}}],"collection":[{"href":"https:\/\/www.filharmonikusok.hu\/en\/wp-json\/wp\/v2\/posts"}],"about":[{"href":"https:\/\/www.filharmonikusok.hu\/en\/wp-json\/wp\/v2\/types\/post"}],"author":[{"embeddable":true,"href":"https:\/\/www.filharmonikusok.hu\/en\/wp-json\/wp\/v2\/users\/951582"}],"replies":[{"embeddable":true,"href":"https:\/\/www.filharmonikusok.hu\/en\/wp-json\/wp\/v2\/comments?post=108469"}],"version-history":[{"count":16,"href":"https:\/\/www.filharmonikusok.hu\/en\/wp-json\/wp\/v2\/posts\/108469\/revisions"}],"predecessor-version":[{"id":108478,"href":"https:\/\/www.filharmonikusok.hu\/en\/wp-json\/wp\/v2\/posts\/108469\/revisions\/108478"}],"wp:featuredmedia":[{"embeddable":true,"href":"https:\/\/www.filharmonikusok.hu\/en\/wp-json\/wp\/v2\/media\/108472"}],"wp:attachment":[{"href":"https:\/\/www.filharmonikusok.hu\/en\/wp-json\/wp\/v2\/media?parent=108469"}],"wp:term":[{"taxonomy":"category","embeddable":true,"href":"https:\/\/www.filharmonikusok.hu\/en\/wp-json\/wp\/v2\/categories?post=108469"},{"taxonomy":"post_tag","embeddable":true,"href":"https:\/\/www.filharmonikusok.hu\/en\/wp-json\/wp\/v2\/tags?post=108469"}],"curies":[{"name":"wp","href":"https:\/\/api.w.org\/{rel}","templated":true}]}}