{"id":106339,"date":"2018-03-29T08:47:11","date_gmt":"2018-03-29T08:47:11","guid":{"rendered":"http:\/\/www.filharmonikusok.hu\/?p=106339"},"modified":"2018-03-29T08:55:04","modified_gmt":"2018-03-29T08:55:04","slug":"hamar-zsolt-a-nemzeti-filharmonikus-zenekar-zeneigazgatojanak-evadajanloja","status":"publish","type":"post","link":"https:\/\/www.filharmonikusok.hu\/en\/hamar-zsolt-a-nemzeti-filharmonikus-zenekar-zeneigazgatojanak-evadajanloja\/","title":{"rendered":"Hamar Zsolt, a Nemzeti Filharmonikus Zenekar zeneigazgat\u00f3j\u00e1nak \u00e9vadaj\u00e1nl\u00f3ja"},"content":{"rendered":"<p><strong>Nemzeti Filharmonikusok, 2018\/19 \u00e9vad <\/strong><\/p>\n<p>\u201eTisztelt K\u00f6z\u00f6ns\u00e9g\u00fcnk, Kedves Hangverseny-l\u00e1togat\u00f3 Zenerajong\u00f3!<\/p>\n<p>\u201eA v\u00e1ltoz\u00e1s a mindenkit f\u00f6lemel\u0151, el\u0151relend\u00edt\u0151 er\u0151.\u201d \u2013 hirdeti Tatiosz, az \u00f3kori b\u00f6lcs.<\/p>\n<p>Tudjuk ezt mi is, a Nemzeti Filharmonikusok m\u0171v\u00e9szei. Ez\u00e9rt d\u00f6nt\u00f6tt\u00fcnk \u00fagy, hogy k\u00f6zel sz\u00e1z \u00e9ves trad\u00edci\u00f3val a h\u00e1tunk m\u00f6g\u00f6tt \u00faj utak keres\u00e9s\u00e9re indulunk. Ferencsik J\u00e1nos \u00f6r\u00f6ks\u00e9ge, mely a \u201elegnagyobb\u201d magyar zenekarr\u00e1 emelte, Kobayashi Ken-ichiro m\u00e1gikus ereje, mely a \u201elegkedveltebb\u201d t\u00e1rsulatt\u00e1 nemes\u00edtette, \u00e9s Kocsis Zolt\u00e1n zsenialit\u00e1sa, mely a legt\u00f6k\u00e9letesebb\u201d zenekari m\u0171helly\u00e9 csiszolta egy\u00fcttes\u00fcnket, mind-mind arra k\u00f6telez benn\u00fcnket, hogy tov\u00e1bbi hegycs\u00facsok megh\u00f3d\u00edt\u00e1s\u00e1t t\u0171zz\u00fck ki c\u00e9lul magunk el\u00e9.<br \/>\nEz pedig nem k\u00e9pzelhet\u0151 el \u00d6n\u00f6k n\u00e9lk\u00fcl. H\u00e1l\u00e1val t\u00f6lt el benn\u00fcnket, hogy az elm\u00falt \u00e9vadban oly nagy sz\u00e1mban \u00e9s oly lelkesen t\u00e1mogattak benn\u00fcnket \u00e9s egyre t\u00f6bben tisztelnek meg azzal, hogy meghallgatj\u00e1k a Nemzeti Filharmonikusok koncertjeit.<\/p>\n<p>A 2018-19-es \u00e9vad sor\u00e1n is ezen az \u00faton szeretn\u00e9nk tov\u00e1bbhaladni.<\/p>\n<p>Imm\u00e1ron k\u00e9t, \u00f6n\u00e1ll\u00f3 b\u00e9rlettel jelentkez\u00fcnk a M\u0171v\u00e9szetek Palot\u00e1j\u00e1ban, term\u00e9szetesen folytatjuk hagyom\u00e1nyos zeneakad\u00e9miai sorozatunkat, \u00e9s boldogok vagyunk, hogy a Pesti Vigad\u00f3ban akusztikailag is \u00e9s eszt\u00e9tikailag is csod\u00e1latos otthonra tal\u00e1ltunk, ahol egy mini Beethoven-sorozattal szeretn\u00e9nk kedveskedni \u00d6n\u00f6knek. \u00dajdons\u00e1g, hogy az orsz\u00e1g legnagyobb \u00e9s legkiv\u00e1l\u00f3bb k\u00f3rusa, a Nemzeti \u00c9nekkar \u00f6n\u00e1ll\u00f3 b\u00e9rletsorozattal jelentkezik az Olasz Int\u00e9zetben. \u00daj helysz\u00ednk\u00e9nt aj\u00e1nljuk T\u00fck\u00f6rtermi est\u00e9k c\u00edmmel Haydn-sorozatunkat a Festetics Palota egyed\u00fcl\u00e1ll\u00f3an pomp\u00e1zatos hangversenyterm\u00e9ben. Ugyancsak \u00fajdons\u00e1gk\u00e9nt k\u00edn\u00e1ljuk Gin-Tonic c\u00edmmel a V\u00e1rkert Baz\u00e1r izgalmas, \u00fajszer\u0171 sz\u00ednpadelrendez\u00e9s\u00e9t, mely egy k\u00fcl\u00f6nlegesen \u00e9rdekes zenei kalandoz\u00e1s helysz\u00ednek\u00e9nt fog szolg\u00e1lni, \u00f6sszek\u00f6tve a kort\u00e1rs zene \u00e9s a jazz vil\u00e1g\u00e1t. Ezzel egy\u00fctt nem hi\u00e1nyozhat \u00e9vadunkb\u00f3l hagyom\u00e1nyosan nagysiker\u0171 kamarasorozatunk, a Pr\u00f3batermi Vend\u00e9gs\u00e9g sem.<\/p>\n<p>Ami pedig vend\u00e9gm\u0171v\u00e9szeinket illeti, igazi szt\u00e1rpar\u00e1d\u00e9val k\u00e9sz\u00fcl\u00fcnk.<br \/>\nElj\u00f6n hozz\u00e1nk Dennis Russel Davies, Sylvain Cambreling, Ton Koopman, Andrey Boreyko. Ism\u00e9t vend\u00e9g\u00fcnk lesz Bertrand de Billy, \u00e9s term\u00e9szetesen \u00fcdv\u00f6z\u00f6lhetj\u00fck a pulpituson Kobayashi mestert is, hogy csak a karmesterek nev\u00e9t eml\u00edts\u00fck. Vend\u00e9g\u00fcl l\u00e1tjuk napjaink egyik legnagyobb \u00e9nekes csillag\u00e1t, Karita Mattila-t, a fantasztikus heged\u0171virtu\u00f3z Vadim Gluzman-t, illetve elfogadta megh\u00edv\u00e1sunkat egy igazi \u201ezenei termin\u00e1tor\u201d, Tzimon Barto is. Tov\u00e1bbra is fontos feladatunknak tartjuk magyar m\u0171v\u00e9szek fell\u00e9ptet\u00e9s\u00e9t. Napjaink \u2013 nemzetk\u00f6zileg is elismerten \u2013 egyik legjobb csellist\u00e1ja, V\u00e1rdai Istv\u00e1n rezidens m\u0171v\u00e9sz\u00fcnk lesz az \u00e9vadban, ami azt jelenti, hogy \u0151t t\u00f6bb \u00edzben is hallhatjuk. Ezen k\u00edv\u00fcl elj\u00f6n hozz\u00e1nk Bar\u00e1ti Krist\u00f3f, Sz\u0171cs M\u00e1t\u00e9 \u00e9s Tark\u00f6vi G\u00e1bor, csupa olyan sz\u00f3lista, akik a vil\u00e1g b\u00e1rmely hangversenyterm\u00e9ben telth\u00e1zakat vonzanak. Tov\u00e1bb folytatjuk kort\u00e1rs magyar zeneszerz\u0151k \u00e9s m\u0171veik bemutat\u00e1s\u00e1t. Ez\u00fattal az Angli\u00e1ban \u00e9l\u0151, rendk\u00edv\u00fcl tehets\u00e9ges Antal M\u00e1ria \u00faj m\u0171ve csend\u00fcl majd fel, \u0151sbemutat\u00f3k\u00e9nt.<\/p>\n<p>B\u00edzva abban, hogy k\u00edn\u00e1latunk elnyeri az \u00d6n\u00f6k tetsz\u00e9s\u00e9t \u00e9s tov\u00e1bbra is \u00fcdv\u00f6z\u00f6lhetj\u00fck \u00d6n\u00f6ket hangversenyeinken, k\u00edv\u00e1nok sz\u00e9p, zenei pillanatokban gazdag \u00e9vadot mindannyiunknak!\u201d<\/p>\n","protected":false},"excerpt":{"rendered":"<p>Nemzeti Filharmonikusok, 2018\/19 \u00e9vad \u201eTisztelt K\u00f6z\u00f6ns\u00e9g\u00fcnk, Kedves Hangverseny-l\u00e1togat\u00f3 Zenerajong\u00f3! \u201eA v\u00e1ltoz\u00e1s a mindenkit f\u00f6lemel\u0151, el\u0151relend\u00edt\u0151 er\u0151.\u201d \u2013 hirdeti Tatiosz, az \u00f3kori b\u00f6lcs. Tudjuk ezt mi is, a Nemzeti Filharmonikusok m\u0171v\u00e9szei. Ez\u00e9rt d\u00f6nt\u00f6tt\u00fcnk \u00fagy, hogy k\u00f6zel sz\u00e1z \u00e9ves trad\u00edci\u00f3val a h\u00e1tunk m\u00f6g\u00f6tt \u00faj utak keres\u00e9s\u00e9re indulunk. Ferencsik J\u00e1nos \u00f6r\u00f6ks\u00e9ge, mely a \u201elegnagyobb\u201d magyar zenekarr\u00e1 emelte, Kobayashi [&hellip;]<\/p>\n","protected":false},"author":951582,"featured_media":103859,"comment_status":"closed","ping_status":"open","sticky":false,"template":"","format":"standard","meta":{"_acf_changed":false,"_monsterinsights_skip_tracking":false,"_monsterinsights_sitenote_active":false,"_monsterinsights_sitenote_note":"","_monsterinsights_sitenote_category":0,"footnotes":""},"categories":[4],"tags":[],"class_list":["post-106339","post","type-post","status-publish","format-standard","has-post-thumbnail","hentry","category-hirek"],"better_featured_image":{"id":103859,"alt_text":"","caption":"","description":"","media_type":"image","media_details":{"width":1920,"height":1080,"file":"2017\/10\/Untitled-4.jpg","sizes":{"thumbnail":{"file":"Untitled-4-150x150.jpg","width":150,"height":150,"mime-type":"image\/jpeg","source_url":"https:\/\/www.filharmonikusok.hu\/wp-content\/uploads\/2017\/10\/Untitled-4-150x150.jpg"},"medium":{"file":"Untitled-4-300x169.jpg","width":300,"height":169,"mime-type":"image\/jpeg","source_url":"https:\/\/www.filharmonikusok.hu\/wp-content\/uploads\/2017\/10\/Untitled-4-300x169.jpg"},"medium_large":{"file":"Untitled-4-768x432.jpg","width":768,"height":432,"mime-type":"image\/jpeg","source_url":"https:\/\/www.filharmonikusok.hu\/wp-content\/uploads\/2017\/10\/Untitled-4-768x432.jpg"},"large":{"file":"Untitled-4-1024x576.jpg","width":1024,"height":576,"mime-type":"image\/jpeg","source_url":"https:\/\/www.filharmonikusok.hu\/wp-content\/uploads\/2017\/10\/Untitled-4-1024x576.jpg"},"person-size":{"file":"Untitled-4-165x165.jpg","width":165,"height":165,"mime-type":"image\/jpeg","source_url":"https:\/\/www.filharmonikusok.hu\/wp-content\/uploads\/2017\/10\/Untitled-4-165x165.jpg"},"album-size":{"file":"Untitled-4-263x263.jpg","width":263,"height":263,"mime-type":"image\/jpeg","source_url":"https:\/\/www.filharmonikusok.hu\/wp-content\/uploads\/2017\/10\/Untitled-4-263x263.jpg"},"news-lead-size":{"file":"Untitled-4-360x203.jpg","width":360,"height":203,"mime-type":"image\/jpeg","source_url":"https:\/\/www.filharmonikusok.hu\/wp-content\/uploads\/2017\/10\/Untitled-4-360x203.jpg"},"director-index-size":{"file":"Untitled-4-359x450.jpg","width":359,"height":450,"mime-type":"image\/jpeg","source_url":"https:\/\/www.filharmonikusok.hu\/wp-content\/uploads\/2017\/10\/Untitled-4-359x450.jpg"},"person-lead-size":{"file":"Untitled-4-555x555.jpg","width":555,"height":555,"mime-type":"image\/jpeg","source_url":"https:\/\/www.filharmonikusok.hu\/wp-content\/uploads\/2017\/10\/Untitled-4-555x555.jpg"},"slider-size":{"file":"Untitled-4-1600x722.jpg","width":1600,"height":722,"mime-type":"image\/jpeg","source_url":"https:\/\/www.filharmonikusok.hu\/wp-content\/uploads\/2017\/10\/Untitled-4-1600x722.jpg"}},"image_meta":{"aperture":"0","credit":"","camera":"","caption":"","created_timestamp":"0","copyright":"","focal_length":"0","iso":"0","shutter_speed":"0","title":"","orientation":"0","keywords":[]}},"post":78408,"source_url":"https:\/\/www.filharmonikusok.hu\/wp-content\/uploads\/2017\/10\/Untitled-4.jpg"},"translation":{"provider":"WPGlobus","version":"3.0.2","language":"en","enabled_languages":["hu","en"],"languages":{"hu":{"title":true,"content":true,"excerpt":false},"en":{"title":false,"content":false,"excerpt":false}}},"acf":{"lead_szoveg":"","megjelenik_angol_nyelven":false},"publishpress_future_action":{"enabled":false,"date":"2026-05-07 21:19:52","action":"change-status","newStatus":"draft","terms":[],"taxonomy":"category","extraData":[]},"publishpress_future_workflow_manual_trigger":{"enabledWorkflows":[]},"_links":{"self":[{"href":"https:\/\/www.filharmonikusok.hu\/en\/wp-json\/wp\/v2\/posts\/106339","targetHints":{"allow":["GET"]}}],"collection":[{"href":"https:\/\/www.filharmonikusok.hu\/en\/wp-json\/wp\/v2\/posts"}],"about":[{"href":"https:\/\/www.filharmonikusok.hu\/en\/wp-json\/wp\/v2\/types\/post"}],"author":[{"embeddable":true,"href":"https:\/\/www.filharmonikusok.hu\/en\/wp-json\/wp\/v2\/users\/951582"}],"replies":[{"embeddable":true,"href":"https:\/\/www.filharmonikusok.hu\/en\/wp-json\/wp\/v2\/comments?post=106339"}],"version-history":[{"count":3,"href":"https:\/\/www.filharmonikusok.hu\/en\/wp-json\/wp\/v2\/posts\/106339\/revisions"}],"predecessor-version":[{"id":106973,"href":"https:\/\/www.filharmonikusok.hu\/en\/wp-json\/wp\/v2\/posts\/106339\/revisions\/106973"}],"wp:featuredmedia":[{"embeddable":true,"href":"https:\/\/www.filharmonikusok.hu\/en\/wp-json\/wp\/v2\/media\/103859"}],"wp:attachment":[{"href":"https:\/\/www.filharmonikusok.hu\/en\/wp-json\/wp\/v2\/media?parent=106339"}],"wp:term":[{"taxonomy":"category","embeddable":true,"href":"https:\/\/www.filharmonikusok.hu\/en\/wp-json\/wp\/v2\/categories?post=106339"},{"taxonomy":"post_tag","embeddable":true,"href":"https:\/\/www.filharmonikusok.hu\/en\/wp-json\/wp\/v2\/tags?post=106339"}],"curies":[{"name":"wp","href":"https:\/\/api.w.org\/{rel}","templated":true}]}}