{"id":106237,"date":"2018-03-27T15:28:21","date_gmt":"2018-03-27T15:28:21","guid":{"rendered":"http:\/\/www.filharmonikusok.hu\/?p=106237"},"modified":"2018-03-27T15:31:38","modified_gmt":"2018-03-27T15:31:38","slug":"kilenc-berletet-kinalnak-a-nemzeti-filharmonikusok-az-uj-evadra","status":"publish","type":"post","link":"https:\/\/www.filharmonikusok.hu\/en\/kilenc-berletet-kinalnak-a-nemzeti-filharmonikusok-az-uj-evadra\/","title":{"rendered":"Kilenc b\u00e9rletet k\u00edn\u00e1lnak a Nemzeti Filharmonikusok az \u00faj \u00e9vadra"},"content":{"rendered":"<h3><span style=\"color: #000000;\">az MTI besz\u00e1mol\u00f3ja a mai sajt\u00f3t\u00e1j\u00e9koztat\u00f3r\u00f3l <\/span><\/h3>\n<p>&nbsp;<\/p>\n<p><span style=\"color: #333399;\">Kilenc b\u00e9rletet k\u00edn\u00e1lnak a Nemzeti Filharmonikusok (NF) a 2018\/2019-es \u00e9vadra, amelyben \u00fajdons\u00e1got jelent a Nemzeti \u00c9nekkar \u00f6n\u00e1ll\u00f3 b\u00e9rlete, a T\u00fck\u00f6rtermi est\u00e9k elnevez\u00e9s\u0171 Haydn-sorozat, valamint a kort\u00e1rs zene \u00e9s a dzsessz vil\u00e1g\u00e1t \u00f6sszek\u00f6t\u0151 Gin-tonic b\u00e9rlet.<\/span><\/p>\n<p><span style=\"color: #000000;\">A legmagasabb rend\u0171 innov\u00e1ci\u00f3s m\u0171helly\u00e9 v\u00e1lt a Nemzeti Filharmonikusok t\u00e1rsulata, amely m\u00e9rf\u00f6ldk\u0151h\u00f6z \u00e9rve \u00faj ir\u00e1nyt vesz a k\u00f6vetkez\u0151 \u00e9vadban \u00e9s tov\u00e1bb\u00e9rleli a befektetett munk\u00e1t &#8211; hangs\u00falyozta Hopp\u00e1l P\u00e9ter kult\u00far\u00e1\u00e9rt felel\u0151s \u00e1llamtitk\u00e1r az \u00e9vadot bemutat\u00f3 keddi sajt\u00f3t\u00e1j\u00e9koztat\u00f3n Budapesten. Kiemelte, hogy az egy\u00fcttes a kultur\u00e1lis alapell\u00e1t\u00e1sban szerepet v\u00e1llalva nyit a sz\u00e9lesebb t\u00e1rsadalmi k\u00f6r\u00f6k fel\u00e9, emellett \u00faj b\u00e9rletform\u00e1kkal \u00e9s \u00faj perspekt\u00edv\u00e1kkal v\u00e1rj\u00e1k szeptembert\u0151l a k\u00f6z\u00f6ns\u00e9get. Az \u00e1llamtitk\u00e1r eml\u00e9keztetett arra, hogy n\u00e9gy \u00e9vre visszatekintve az \u00e1llami t\u00e1mogat\u00e1s mintegy 1 milli\u00e1rd 850 milli\u00f3 forint volt, amelyet tavaly a korm\u00e1nyzat tov\u00e1bbi f\u00e9lmilli\u00e1rd forinttal eg\u00e9sz\u00edtett ki. Ebb\u0151l 134 milli\u00f3 forint az idei \u00e9v janu\u00e1r 1-t\u0151l be\u00e9p\u00fcl\u0151 t\u00f6bblett\u00e1mogat\u00e1sk\u00e9nt jelentkezik, teh\u00e1t a fenntart\u00f3 1 milli\u00e1rd 992 milli\u00f3 forintra emelte az NF \u00e9ves t\u00e1mogat\u00e1s\u00e1nak b\u00e1zis\u00e9rt\u00e9k\u00e9t &#8211; mutatott r\u00e1, hozz\u00e1t\u00e9ve: ezen fel\u00fcl 250 milli\u00f3 forint \u00e9vadt\u00f6bblet ig\u00e9nye jelentkezett, amely rendk\u00edv\u00fcli t\u00e1mogat\u00e1st az \u00e9v v\u00e9gi maradv\u00e1nykeretb\u0151l tov\u00e1bbi 100 milli\u00f3 forinttal tudtak kieg\u00e9sz\u00edteni.<\/span><\/p>\n<p><span style=\"color: #000000;\">Hopp\u00e1l P\u00e9ter hangs\u00falyozta, hogy megvizsg\u00e1lj\u00e1k majd, az NF programjainak megval\u00f3s\u00edt\u00e1s\u00e1hoz milyen tov\u00e1bbi forr\u00e1sb\u0151v\u00edt\u00e9st tudnak a korm\u00e1ny el\u00e9 vinni.<\/span><\/p>\n<p><span style=\"color: #000000;\">Hamar Zsolt zeneigazgat\u00f3 elmondta, hogy az egy\u00fcttes \u00e1lland\u00f3 rezidens m\u0171v\u00e9sze V\u00e1rdai Istv\u00e1n csell\u00f3m\u0171v\u00e9sz lesz. A M\u00fcp\u00e1ban k\u00e9t b\u00e9rletet ind\u00edtanak, folytat\u00f3dik a zeneakad\u00e9miai \u00e9s a Pesti Vigad\u00f3beli sorozat, a Pr\u00f3batermi vend\u00e9gs\u00e9g kamarahangversenyek \u00e9s az ifj\u00fas\u00e1gi el\u0151ad\u00e1sok. A Nemzeti \u00c9nekkar P\u00e1szti-b\u00e9rlet\u00e9nek az Olasz Kult\u00farint\u00e9zet, a Haydn-sorozatnak a Festetics-palota, a Gin-tonic koncerteknek a V\u00e1rkert Baz\u00e1r ad otthont.<\/span><\/p>\n<p><span style=\"color: #000000;\">A zeneigazgat\u00f3 az egy\u00fcttest dr\u00e1gak\u0151nek nevezte, amelyet k\u00f6zkinccs\u00e9 kell tenni \u00e9s min\u00e9l t\u00f6bb emberhez eljuttatni, ez\u00e9rt is adnak m\u00e9g t\u00f6bb hangversenyt \u00fajabb helysz\u00edneken is &#8211; f\u0171zte hozz\u00e1.\u00a0 <\/span><span style=\"color: #000000;\">A szezon szeptember 25-i nyit\u00f3hangverseny\u00e9n Ligeti, Bart\u00f3k \u00e9s Dohn\u00e1nyi m\u0171vei sz\u00f3lalnak meg, Bart\u00f3k I. zongoraverseny\u00e9t R\u00e1nki F\u00fcl\u00f6p j\u00e1tssza. <\/span><span style=\"color: #000000;\">A z\u00e1r\u00f3koncerten Verdi Requiemj\u00e9t Kobajasi Kenicsir\u00f3 dirig\u00e1lja.<\/span><\/p>\n<p><span style=\"color: #000000;\">A Kocsis Zolt\u00e1nr\u00f3l elnevezett b\u00e9rlet els\u0151 estj\u00e9n francia szerz\u0151k m\u0171vei sz\u00f3lalnak meg V\u00e1rdai Istv\u00e1n k\u00f6zrem\u0171k\u00f6d\u00e9s\u00e9vel, a Ferencsik J\u00e1nos-b\u00e9rletben t\u00f6bbek k\u00f6z\u00f6tt Rahmanyinov III. szimf\u00f3ni\u00e1ja, Dvor\u00e1k Requiemje \u00e9s Csajkovszkij VI. szimf\u00f3ni\u00e1ja szerepel a k\u00edn\u00e1latban. A Luk\u00e1cs Ervin-b\u00e9rlet k\u00fcl\u00f6nlegess\u00e9ge, hogy minden esten felcsend\u00fcl egy Beethoven-opusz, a Gin-tonic sorozatban Szakcsi Lakatos B\u00e9la, D\u00e9s L\u00e1szl\u00f3 \u00e9s Luk\u00e1cs Mikl\u00f3s zen\u00e9l a Nemzeti Filharmonikusokkal.<\/span><\/p>\n<p><span style=\"color: #000000;\">A m\u0171faji soksz\u00edn\u0171s\u00e9g jellemzi a Nemzeti \u00c9nekkar P\u00e1szti-b\u00e9rlet\u00e9t, amelyben elhangzik b\u00e9csi zene Schubertt\u0151l Sch\u00f6nbergig Erwin Ortner vez\u00e9nylet\u00e9vel, a Modern Art Orchestr\u00e1val k\u00f6z\u00f6s koncerten Duke Ellington muzsik\u00e1ja, valamint kort\u00e1rs magyar zeneszerz\u0151k m\u0171vei is &#8211; k\u00f6z\u00f6lte Somos Csaba karigazgat\u00f3. A b\u00e9rlet m\u0171sor\u00e1ban szerepel t\u00f6bbek k\u00f6z\u00f6tt Haydn Nelson-mise, Orb\u00e1n Gy\u00f6rgy Ricercare \u00e9s <\/span><span style=\"color: #000000;\">Pertrovics Emil Lysistrate c\u00edm\u0171 m\u0171ve is.<\/span><\/p>\n<p><span style=\"color: #000000;\">A Szent Erzs\u00e9bet legend\u00e1ja c\u00edm\u0171 Liszt-orat\u00f3riummal kezd\u0151dik p\u00e9nteken a Budapesti Tavaszi Fesztiv\u00e1l a Nemzeti Filharmonikusok el\u0151ad\u00e1s\u00e1ban &#8211; eml\u00e9keztetett K\u00e1el Csaba, a M\u00fcpa vez\u00e9rigazgat\u00f3ja, aki az egy\u00fcttm\u0171k\u00f6d\u00e9s tov\u00e1bbi lehet\u0151s\u00e9g\u00e9r\u0151l biztos\u00edtotta az NF-et, s a k\u00f6z\u00f6s produkci\u00f3k k\u00f6z\u00fcl megeml\u00edtette t\u00f6bbek k\u00f6z\u00f6tt a M\u00fcpa \u00e1ltal az \u00e9vad m\u0171v\u00e9sz\u00e9nek v\u00e1lasztott Gyenyisz Macujev zongoram\u0171v\u00e9sz \u00e9s az <\/span><span style=\"color: #000000;\">NFZ hangverseny\u00e9t.<\/span><\/p>\n<p><span style=\"color: #000000;\"><em>Budapest, 2018. m\u00e1rcius 27., kedd (MTI)<\/em><\/span><\/p>\n","protected":false},"excerpt":{"rendered":"<p>az MTI besz\u00e1mol\u00f3ja a mai sajt\u00f3t\u00e1j\u00e9koztat\u00f3r\u00f3l &nbsp; Kilenc b\u00e9rletet k\u00edn\u00e1lnak a Nemzeti Filharmonikusok (NF) a 2018\/2019-es \u00e9vadra, amelyben \u00fajdons\u00e1got jelent a Nemzeti \u00c9nekkar \u00f6n\u00e1ll\u00f3 b\u00e9rlete, a T\u00fck\u00f6rtermi est\u00e9k elnevez\u00e9s\u0171 Haydn-sorozat, valamint a kort\u00e1rs zene \u00e9s a dzsessz vil\u00e1g\u00e1t \u00f6sszek\u00f6t\u0151 Gin-tonic b\u00e9rlet. A legmagasabb rend\u0171 innov\u00e1ci\u00f3s m\u0171helly\u00e9 v\u00e1lt a Nemzeti Filharmonikusok t\u00e1rsulata, amely m\u00e9rf\u00f6ldk\u0151h\u00f6z \u00e9rve \u00faj [&hellip;]<\/p>\n","protected":false},"author":951582,"featured_media":106249,"comment_status":"closed","ping_status":"open","sticky":false,"template":"","format":"standard","meta":{"_acf_changed":false,"_monsterinsights_skip_tracking":false,"_monsterinsights_sitenote_active":false,"_monsterinsights_sitenote_note":"","_monsterinsights_sitenote_category":0,"footnotes":""},"categories":[4],"tags":[],"class_list":["post-106237","post","type-post","status-publish","format-standard","has-post-thumbnail","hentry","category-hirek"],"better_featured_image":{"id":106249,"alt_text":"","caption":"","description":"","media_type":"image","media_details":{"width":1679,"height":940,"file":"2018\/03\/k1.png","sizes":{"thumbnail":{"file":"k1-150x150.png","width":150,"height":150,"mime-type":"image\/png","source_url":"https:\/\/www.filharmonikusok.hu\/wp-content\/uploads\/2018\/03\/k1-150x150.png"},"medium":{"file":"k1-300x168.png","width":300,"height":168,"mime-type":"image\/png","source_url":"https:\/\/www.filharmonikusok.hu\/wp-content\/uploads\/2018\/03\/k1-300x168.png"},"medium_large":{"file":"k1-768x430.png","width":768,"height":430,"mime-type":"image\/png","source_url":"https:\/\/www.filharmonikusok.hu\/wp-content\/uploads\/2018\/03\/k1-768x430.png"},"large":{"file":"k1-1024x573.png","width":1024,"height":573,"mime-type":"image\/png","source_url":"https:\/\/www.filharmonikusok.hu\/wp-content\/uploads\/2018\/03\/k1-1024x573.png"},"person-size":{"file":"k1-165x165.png","width":165,"height":165,"mime-type":"image\/png","source_url":"https:\/\/www.filharmonikusok.hu\/wp-content\/uploads\/2018\/03\/k1-165x165.png"},"album-size":{"file":"k1-263x263.png","width":263,"height":263,"mime-type":"image\/png","source_url":"https:\/\/www.filharmonikusok.hu\/wp-content\/uploads\/2018\/03\/k1-263x263.png"},"news-lead-size":{"file":"k1-360x203.png","width":360,"height":203,"mime-type":"image\/png","source_url":"https:\/\/www.filharmonikusok.hu\/wp-content\/uploads\/2018\/03\/k1-360x203.png"},"director-index-size":{"file":"k1-359x450.png","width":359,"height":450,"mime-type":"image\/png","source_url":"https:\/\/www.filharmonikusok.hu\/wp-content\/uploads\/2018\/03\/k1-359x450.png"},"person-lead-size":{"file":"k1-555x555.png","width":555,"height":555,"mime-type":"image\/png","source_url":"https:\/\/www.filharmonikusok.hu\/wp-content\/uploads\/2018\/03\/k1-555x555.png"},"slider-size":{"file":"k1-1600x722.png","width":1600,"height":722,"mime-type":"image\/png","source_url":"https:\/\/www.filharmonikusok.hu\/wp-content\/uploads\/2018\/03\/k1-1600x722.png"}},"image_meta":{"aperture":"0","credit":"","camera":"","caption":"","created_timestamp":"0","copyright":"","focal_length":"0","iso":"0","shutter_speed":"0","title":"","orientation":"0","keywords":[]}},"post":106237,"source_url":"https:\/\/www.filharmonikusok.hu\/wp-content\/uploads\/2018\/03\/k1.png"},"translation":{"provider":"WPGlobus","version":"3.0.2","language":"en","enabled_languages":["hu","en"],"languages":{"hu":{"title":true,"content":true,"excerpt":false},"en":{"title":false,"content":false,"excerpt":false}}},"acf":{"lead_szoveg":"Kilenc b\u00e9rletet k\u00edn\u00e1lnak a Nemzeti Filharmonikusok (NF) a 2018\/2019-es \u00e9vadra, amelyben \u00fajdons\u00e1got jelent a Nemzeti \u00c9nekkar \u00f6n\u00e1ll\u00f3 b\u00e9rlete, a T\u00fck\u00f6rtermi est\u00e9k elnevez\u00e9s\u0171 Haydn-sorozat, valamint a kort\u00e1rs zene \u00e9s a dzsessz vil\u00e1g\u00e1t \u00f6sszek\u00f6t\u0151 Gin-tonic b\u00e9rlet.","megjelenik_angol_nyelven":false},"publishpress_future_action":{"enabled":false,"date":"2026-05-07 22:26:37","action":"change-status","newStatus":"draft","terms":[],"taxonomy":"category","extraData":[]},"publishpress_future_workflow_manual_trigger":{"enabledWorkflows":[]},"_links":{"self":[{"href":"https:\/\/www.filharmonikusok.hu\/en\/wp-json\/wp\/v2\/posts\/106237","targetHints":{"allow":["GET"]}}],"collection":[{"href":"https:\/\/www.filharmonikusok.hu\/en\/wp-json\/wp\/v2\/posts"}],"about":[{"href":"https:\/\/www.filharmonikusok.hu\/en\/wp-json\/wp\/v2\/types\/post"}],"author":[{"embeddable":true,"href":"https:\/\/www.filharmonikusok.hu\/en\/wp-json\/wp\/v2\/users\/951582"}],"replies":[{"embeddable":true,"href":"https:\/\/www.filharmonikusok.hu\/en\/wp-json\/wp\/v2\/comments?post=106237"}],"version-history":[{"count":14,"href":"https:\/\/www.filharmonikusok.hu\/en\/wp-json\/wp\/v2\/posts\/106237\/revisions"}],"predecessor-version":[{"id":106974,"href":"https:\/\/www.filharmonikusok.hu\/en\/wp-json\/wp\/v2\/posts\/106237\/revisions\/106974"}],"wp:featuredmedia":[{"embeddable":true,"href":"https:\/\/www.filharmonikusok.hu\/en\/wp-json\/wp\/v2\/media\/106249"}],"wp:attachment":[{"href":"https:\/\/www.filharmonikusok.hu\/en\/wp-json\/wp\/v2\/media?parent=106237"}],"wp:term":[{"taxonomy":"category","embeddable":true,"href":"https:\/\/www.filharmonikusok.hu\/en\/wp-json\/wp\/v2\/categories?post=106237"},{"taxonomy":"post_tag","embeddable":true,"href":"https:\/\/www.filharmonikusok.hu\/en\/wp-json\/wp\/v2\/tags?post=106237"}],"curies":[{"name":"wp","href":"https:\/\/api.w.org\/{rel}","templated":true}]}}