{"id":104420,"date":"2017-11-13T20:31:50","date_gmt":"2017-11-13T20:31:50","guid":{"rendered":"http:\/\/www.filharmonikusok.hu\/?p=104420"},"modified":"2017-11-13T20:33:36","modified_gmt":"2017-11-13T20:33:36","slug":"brusszeli-nagy-siker","status":"publish","type":"post","link":"https:\/\/www.filharmonikusok.hu\/en\/brusszeli-nagy-siker\/","title":{"rendered":"A br\u00fcsszeli nagy siker"},"content":{"rendered":"<p>\u00d6r\u00f6mmel osztjuk meg \u00d6n\u00f6kkel, hogy <strong>Nemzeti \u00c9nekkarunk<\/strong> koncertje nagy sikert aratott Br\u00fcsszelben. A koncertr\u0151l az <strong>M5 Kultur\u00e1lis H\u00edrad\u00f3ja<\/strong> tud\u00f3s\u00edtott: <a href=\"https:\/\/www.mediaklikk.hu\/video\/kulturalis-hirado-2017-11-11-i-adas\/\">https:\/\/www.mediaklikk.hu\/video\/kulturalis-hirado-2017-11-11-i-adas\/<\/a><\/p>\n","protected":false},"excerpt":{"rendered":"<p>\u00d6r\u00f6mmel osztjuk meg \u00d6n\u00f6kkel, hogy Nemzeti \u00c9nekkarunk koncertje nagy sikert aratott Br\u00fcsszelben. A koncertr\u0151l az M5 Kultur\u00e1lis H\u00edrad\u00f3ja tud\u00f3s\u00edtott: https:\/\/www.mediaklikk.hu\/video\/kulturalis-hirado-2017-11-11-i-adas\/<\/p>\n","protected":false},"author":1,"featured_media":104423,"comment_status":"closed","ping_status":"open","sticky":false,"template":"","format":"standard","meta":{"_acf_changed":false,"_monsterinsights_skip_tracking":false,"_monsterinsights_sitenote_active":false,"_monsterinsights_sitenote_note":"","_monsterinsights_sitenote_category":0,"footnotes":""},"categories":[4],"tags":[],"class_list":["post-104420","post","type-post","status-publish","format-standard","has-post-thumbnail","hentry","category-hirek"],"better_featured_image":{"id":104423,"alt_text":"","caption":"SAMSUNG CAMERA PICTURES","description":"","media_type":"image","media_details":{"width":1728,"height":1152,"file":"2017\/11\/11091326.jpg","sizes":{"thumbnail":{"file":"11091326-150x150.jpg","width":150,"height":150,"mime-type":"image\/jpeg","source_url":"https:\/\/www.filharmonikusok.hu\/wp-content\/uploads\/2017\/11\/11091326-150x150.jpg"},"medium":{"file":"11091326-300x200.jpg","width":300,"height":200,"mime-type":"image\/jpeg","source_url":"https:\/\/www.filharmonikusok.hu\/wp-content\/uploads\/2017\/11\/11091326-300x200.jpg"},"medium_large":{"file":"11091326-768x512.jpg","width":768,"height":512,"mime-type":"image\/jpeg","source_url":"https:\/\/www.filharmonikusok.hu\/wp-content\/uploads\/2017\/11\/11091326-768x512.jpg"},"large":{"file":"11091326-1024x683.jpg","width":1024,"height":683,"mime-type":"image\/jpeg","source_url":"https:\/\/www.filharmonikusok.hu\/wp-content\/uploads\/2017\/11\/11091326-1024x683.jpg"},"person-size":{"file":"11091326-165x165.jpg","width":165,"height":165,"mime-type":"image\/jpeg","source_url":"https:\/\/www.filharmonikusok.hu\/wp-content\/uploads\/2017\/11\/11091326-165x165.jpg"},"album-size":{"file":"11091326-263x263.jpg","width":263,"height":263,"mime-type":"image\/jpeg","source_url":"https:\/\/www.filharmonikusok.hu\/wp-content\/uploads\/2017\/11\/11091326-263x263.jpg"},"news-lead-size":{"file":"11091326-360x203.jpg","width":360,"height":203,"mime-type":"image\/jpeg","source_url":"https:\/\/www.filharmonikusok.hu\/wp-content\/uploads\/2017\/11\/11091326-360x203.jpg"},"director-index-size":{"file":"11091326-359x450.jpg","width":359,"height":450,"mime-type":"image\/jpeg","source_url":"https:\/\/www.filharmonikusok.hu\/wp-content\/uploads\/2017\/11\/11091326-359x450.jpg"},"person-lead-size":{"file":"11091326-555x555.jpg","width":555,"height":555,"mime-type":"image\/jpeg","source_url":"https:\/\/www.filharmonikusok.hu\/wp-content\/uploads\/2017\/11\/11091326-555x555.jpg"},"slider-size":{"file":"11091326-1600x722.jpg","width":1600,"height":722,"mime-type":"image\/jpeg","source_url":"https:\/\/www.filharmonikusok.hu\/wp-content\/uploads\/2017\/11\/11091326-1600x722.jpg"}},"image_meta":{"aperture":"5.6","credit":"","camera":"NX3000","caption":"SAMSUNG CAMERA PICTURES","created_timestamp":"1510230375","copyright":"Copyright 2014","focal_length":"50","iso":"3200","shutter_speed":"0.02","title":"SAMSUNG CAMERA PICTURES","orientation":"1","keywords":[]}},"post":104420,"source_url":"https:\/\/www.filharmonikusok.hu\/wp-content\/uploads\/2017\/11\/11091326.jpg"},"translation":{"provider":"WPGlobus","version":"3.0.2","language":"en","enabled_languages":["hu","en"],"languages":{"hu":{"title":true,"content":true,"excerpt":false},"en":{"title":false,"content":false,"excerpt":false}}},"acf":{"lead_szoveg":"\u00d6r\u00f6mmel osztjuk meg \u00d6n\u00f6kkel, hogy Nemzeti \u00c9nekkarunk koncertje nagy sikert aratott Br\u00fcsszelben. ","megjelenik_angol_nyelven":false},"publishpress_future_action":{"enabled":false,"date":"2026-05-08 15:22:51","action":"change-status","newStatus":"draft","terms":[],"taxonomy":"category","extraData":[]},"publishpress_future_workflow_manual_trigger":{"enabledWorkflows":[]},"_links":{"self":[{"href":"https:\/\/www.filharmonikusok.hu\/en\/wp-json\/wp\/v2\/posts\/104420","targetHints":{"allow":["GET"]}}],"collection":[{"href":"https:\/\/www.filharmonikusok.hu\/en\/wp-json\/wp\/v2\/posts"}],"about":[{"href":"https:\/\/www.filharmonikusok.hu\/en\/wp-json\/wp\/v2\/types\/post"}],"author":[{"embeddable":true,"href":"https:\/\/www.filharmonikusok.hu\/en\/wp-json\/wp\/v2\/users\/1"}],"replies":[{"embeddable":true,"href":"https:\/\/www.filharmonikusok.hu\/en\/wp-json\/wp\/v2\/comments?post=104420"}],"version-history":[{"count":2,"href":"https:\/\/www.filharmonikusok.hu\/en\/wp-json\/wp\/v2\/posts\/104420\/revisions"}],"predecessor-version":[{"id":104422,"href":"https:\/\/www.filharmonikusok.hu\/en\/wp-json\/wp\/v2\/posts\/104420\/revisions\/104422"}],"wp:featuredmedia":[{"embeddable":true,"href":"https:\/\/www.filharmonikusok.hu\/en\/wp-json\/wp\/v2\/media\/104423"}],"wp:attachment":[{"href":"https:\/\/www.filharmonikusok.hu\/en\/wp-json\/wp\/v2\/media?parent=104420"}],"wp:term":[{"taxonomy":"category","embeddable":true,"href":"https:\/\/www.filharmonikusok.hu\/en\/wp-json\/wp\/v2\/categories?post=104420"},{"taxonomy":"post_tag","embeddable":true,"href":"https:\/\/www.filharmonikusok.hu\/en\/wp-json\/wp\/v2\/tags?post=104420"}],"curies":[{"name":"wp","href":"https:\/\/api.w.org\/{rel}","templated":true}]}}