{"id":101238,"date":"2017-05-05T09:49:42","date_gmt":"2017-05-05T09:49:42","guid":{"rendered":"http:\/\/www.filharmonikusok.hu\/?p=101238"},"modified":"2017-09-25T15:38:59","modified_gmt":"2017-09-25T15:38:59","slug":"uj-evad-kocsis-zoltan-szellemeben","status":"publish","type":"post","link":"https:\/\/www.filharmonikusok.hu\/en\/uj-evad-kocsis-zoltan-szellemeben\/","title":{"rendered":"\u00daj \u00e9vad &#8211; Kocsis Zolt\u00e1n szellem\u00e9ben"},"content":{"rendered":"<p>A k\u00e9t igazgat\u00f3nak sok ideje nem volt n\u00e9zel\u0151dni, hiszen a k\u00f6vetkez\u0151 \u00e9vad megtervez\u00e9se, \u00f6ssze\u00e1ll\u00edt\u00e1sa m\u00e1r az \u0151 feladatuk. Hamar Zsolt nagyon j\u00f3l ismerte mester\u00e9t, \u00e9s ismeri a zenekart, hiszen els\u0151 karmester\u00e9nek k\u00e9rte fel Kocsis Zolt\u00e1n, m\u00e9g 1997-ben. Herboly Domonkos a R\u00e1di\u00f3 Zenekar \u00e9l\u00e9r\u0151l \u00e9rkezett. Herboly Domonkos egyfajta \u201e\u00e1lruh\u00e1s kir\u00e1lyfi\u201d a rigor\u00f3zus gazdas\u00e1gi vezet\u0151k k\u00f6z\u00f6tt, hiszen a K\u00f6zg\u00e1z el\u0151tt elv\u00e9gezte a Zeneakad\u00e9mi\u00e1t, nagyb\u0151g\u0151 szakos tan\u00e1r \u00e9s kamara m\u0171v\u00e9sz.<\/p>\n<blockquote>\n<p style=\"text-align: left;\">A Kod\u00e1ly-eml\u00e9k\u00e9v term\u00e9szetesen meghat\u00e1roz\u00f3 a k\u00f6vetkez\u0151 \u00e9vadban, olyannyira, hogy m\u00e1r az els\u0151 koncert els\u0151 sz\u00e1ma is Kod\u00e1ly-m\u0171 lesz. Viszont Bart\u00f3k-gy\u00e1sz\u00e9vet hirdettek, azaz ut\u00f3bbi zeneszerz\u0151t\u0151l egy esztendeig semmit sem adnak el\u0151. A vil\u00e1g egyik legfantasztikusabb Bart\u00f3k-interpret\u00e1tor\u00e1t Kocsis Zolt\u00e1nnak h\u00edvt\u00e1k, h\u00edvj\u00e1k, \u00edgy evidens volt a zenekarvezet\u00e9s sz\u00e1m\u00e1ra, hogy most egy \u00e9vig nem j\u00e1tssz\u00e1k Bart\u00f3k B\u00e9la m\u0171veit, ezzel is fejet hajtva a nagy el\u0151d el\u0151tt. &#8211; \u00e1ll a cikkben.<\/p>\n<\/blockquote>\n<p>&nbsp;<\/p>\n<p>A teljes interj\u00fa a Figyel\u0151 2017\/17. sz\u00e1m\u00e1ban olvashat\u00f3.<\/p>\n<p>Nyit\u00f3k\u00e9p: MTI\/Balogh Zolt\u00e1n<\/p>\n","protected":false},"excerpt":{"rendered":"<p>A k\u00e9t igazgat\u00f3nak sok ideje nem volt n\u00e9zel\u0151dni, hiszen a k\u00f6vetkez\u0151 \u00e9vad megtervez\u00e9se, \u00f6ssze\u00e1ll\u00edt\u00e1sa m\u00e1r az \u0151 feladatuk. Hamar Zsolt nagyon j\u00f3l ismerte mester\u00e9t, \u00e9s ismeri a zenekart, hiszen els\u0151 karmester\u00e9nek k\u00e9rte fel Kocsis Zolt\u00e1n, m\u00e9g 1997-ben. Herboly Domonkos a R\u00e1di\u00f3 Zenekar \u00e9l\u00e9r\u0151l \u00e9rkezett. Herboly Domonkos egyfajta \u201e\u00e1lruh\u00e1s kir\u00e1lyfi\u201d a rigor\u00f3zus gazdas\u00e1gi vezet\u0151k k\u00f6z\u00f6tt, hiszen [&hellip;]<\/p>\n","protected":false},"author":1,"featured_media":101239,"comment_status":"closed","ping_status":"open","sticky":false,"template":"","format":"standard","meta":{"_acf_changed":false,"_monsterinsights_skip_tracking":false,"_monsterinsights_sitenote_active":false,"_monsterinsights_sitenote_note":"","_monsterinsights_sitenote_category":0,"footnotes":""},"categories":[4],"tags":[],"class_list":["post-101238","post","type-post","status-publish","format-standard","has-post-thumbnail","hentry","category-hirek"],"better_featured_image":{"id":101239,"alt_text":"","caption":"Budapest, 2017. m\u00e1rcius 30.\nHerboly Domonkos, a Nemzeti Filharmonikusok megb\u00edzott f\u00f5igazgat\u00f3ja a zenekar pr\u00f3baterm\u00e9ben a f\u00f5v\u00e1rosi M\u00fcp\u00e1ban 2017. m\u00e1rcius 30-\u00e1n.\nMTI Fot\u00f3: Balogh Zolt\u00e1n","description":"","media_type":"image","media_details":{"width":4716,"height":3139,"file":"2017\/05\/Foto@MTI_BaloghZoltan2.jpg","sizes":{"thumbnail":{"file":"Foto@MTI_BaloghZoltan2-150x150.jpg","width":150,"height":150,"mime-type":"image\/jpeg","source_url":"https:\/\/www.filharmonikusok.hu\/wp-content\/uploads\/2017\/05\/Foto@MTI_BaloghZoltan2-150x150.jpg"},"medium":{"file":"Foto@MTI_BaloghZoltan2-300x200.jpg","width":300,"height":200,"mime-type":"image\/jpeg","source_url":"https:\/\/www.filharmonikusok.hu\/wp-content\/uploads\/2017\/05\/Foto@MTI_BaloghZoltan2-300x200.jpg"},"medium_large":{"file":"Foto@MTI_BaloghZoltan2-768x511.jpg","width":768,"height":511,"mime-type":"image\/jpeg","source_url":"https:\/\/www.filharmonikusok.hu\/wp-content\/uploads\/2017\/05\/Foto@MTI_BaloghZoltan2-768x511.jpg"},"large":{"file":"Foto@MTI_BaloghZoltan2-1024x682.jpg","width":1024,"height":682,"mime-type":"image\/jpeg","source_url":"https:\/\/www.filharmonikusok.hu\/wp-content\/uploads\/2017\/05\/Foto@MTI_BaloghZoltan2-1024x682.jpg"},"person-size":{"file":"Foto@MTI_BaloghZoltan2-165x165.jpg","width":165,"height":165,"mime-type":"image\/jpeg","source_url":"https:\/\/www.filharmonikusok.hu\/wp-content\/uploads\/2017\/05\/Foto@MTI_BaloghZoltan2-165x165.jpg"},"album-size":{"file":"Foto@MTI_BaloghZoltan2-263x263.jpg","width":263,"height":263,"mime-type":"image\/jpeg","source_url":"https:\/\/www.filharmonikusok.hu\/wp-content\/uploads\/2017\/05\/Foto@MTI_BaloghZoltan2-263x263.jpg"},"news-lead-size":{"file":"Foto@MTI_BaloghZoltan2-360x203.jpg","width":360,"height":203,"mime-type":"image\/jpeg","source_url":"https:\/\/www.filharmonikusok.hu\/wp-content\/uploads\/2017\/05\/Foto@MTI_BaloghZoltan2-360x203.jpg"},"director-index-size":{"file":"Foto@MTI_BaloghZoltan2-359x450.jpg","width":359,"height":450,"mime-type":"image\/jpeg","source_url":"https:\/\/www.filharmonikusok.hu\/wp-content\/uploads\/2017\/05\/Foto@MTI_BaloghZoltan2-359x450.jpg"},"person-lead-size":{"file":"Foto@MTI_BaloghZoltan2-555x555.jpg","width":555,"height":555,"mime-type":"image\/jpeg","source_url":"https:\/\/www.filharmonikusok.hu\/wp-content\/uploads\/2017\/05\/Foto@MTI_BaloghZoltan2-555x555.jpg"},"slider-size":{"file":"Foto@MTI_BaloghZoltan2-1600x722.jpg","width":1600,"height":722,"mime-type":"image\/jpeg","source_url":"https:\/\/www.filharmonikusok.hu\/wp-content\/uploads\/2017\/05\/Foto@MTI_BaloghZoltan2-1600x722.jpg"}},"image_meta":{"aperture":"0","credit":"MTI\/MTVA","camera":"","caption":"Budapest, 2017. m\u00e1rcius 30.\r\nHerboly Domonkos, a Nemzeti Filharmonikusok megb\u00edzott f\u00f5igazgat\u00f3ja a zenekar pr\u00f3baterm\u00e9ben a f\u00f5v\u00e1rosi M\u00fcp\u00e1ban 2017. m\u00e1rcius 30-\u00e1n.\r\nMTI Fot\u00f3: Balogh Zolt\u00e1n","created_timestamp":"1490862277","copyright":"MTVA - M\u00e9diaszolg\u00e1ltat\u00e1s-t\u00e1mogat\u00f3 \u00e9s Vagyonkezel\u00f5 Alap","focal_length":"0","iso":"0","shutter_speed":"0","title":"Herboly Domonkos, a Nemzeti Filharmonikusok megb\u00edzott f\u00f5igazga","orientation":"1","keywords":[]}},"post":101238,"source_url":"https:\/\/www.filharmonikusok.hu\/wp-content\/uploads\/2017\/05\/Foto@MTI_BaloghZoltan2.jpg"},"translation":{"provider":"WPGlobus","version":"3.0.2","language":"en","enabled_languages":["hu","en"],"languages":{"hu":{"title":true,"content":true,"excerpt":false},"en":{"title":false,"content":false,"excerpt":false}}},"acf":{"lead_szoveg":"A Figyel\u0151nek adott interj\u00fat a Nemzeti Filharmonikusok \u00faj vezet\u0151p\u00e1rosa - amelyben n\u00e9h\u00e1ny el\u0151zetes ir\u00e1ny is kider\u00fclt az \u00faj \u00e9vadtervr\u0151l."},"publishpress_future_action":{"enabled":false,"date":"2026-05-07 01:14:52","action":"change-status","newStatus":"draft","terms":[],"taxonomy":"category","extraData":[]},"publishpress_future_workflow_manual_trigger":{"enabledWorkflows":[]},"_links":{"self":[{"href":"https:\/\/www.filharmonikusok.hu\/en\/wp-json\/wp\/v2\/posts\/101238","targetHints":{"allow":["GET"]}}],"collection":[{"href":"https:\/\/www.filharmonikusok.hu\/en\/wp-json\/wp\/v2\/posts"}],"about":[{"href":"https:\/\/www.filharmonikusok.hu\/en\/wp-json\/wp\/v2\/types\/post"}],"author":[{"embeddable":true,"href":"https:\/\/www.filharmonikusok.hu\/en\/wp-json\/wp\/v2\/users\/1"}],"replies":[{"embeddable":true,"href":"https:\/\/www.filharmonikusok.hu\/en\/wp-json\/wp\/v2\/comments?post=101238"}],"version-history":[{"count":3,"href":"https:\/\/www.filharmonikusok.hu\/en\/wp-json\/wp\/v2\/posts\/101238\/revisions"}],"predecessor-version":[{"id":108235,"href":"https:\/\/www.filharmonikusok.hu\/en\/wp-json\/wp\/v2\/posts\/101238\/revisions\/108235"}],"wp:featuredmedia":[{"embeddable":true,"href":"https:\/\/www.filharmonikusok.hu\/en\/wp-json\/wp\/v2\/media\/101239"}],"wp:attachment":[{"href":"https:\/\/www.filharmonikusok.hu\/en\/wp-json\/wp\/v2\/media?parent=101238"}],"wp:term":[{"taxonomy":"category","embeddable":true,"href":"https:\/\/www.filharmonikusok.hu\/en\/wp-json\/wp\/v2\/categories?post=101238"},{"taxonomy":"post_tag","embeddable":true,"href":"https:\/\/www.filharmonikusok.hu\/en\/wp-json\/wp\/v2\/tags?post=101238"}],"curies":[{"name":"wp","href":"https:\/\/api.w.org\/{rel}","templated":true}]}}