{"id":101057,"date":"2017-04-10T13:48:51","date_gmt":"2017-04-10T13:48:51","guid":{"rendered":"http:\/\/www.filharmonikusok.hu\/?p=101057"},"modified":"2017-09-25T15:39:00","modified_gmt":"2017-09-25T15:39:00","slug":"hamar-zsolt-es-herboly-domonkos-az-uj-tervekrol","status":"publish","type":"post","link":"https:\/\/www.filharmonikusok.hu\/en\/hamar-zsolt-es-herboly-domonkos-az-uj-tervekrol\/","title":{"rendered":"Hamar Zsolt \u00e9s Herboly Domonkos az \u00faj tervekr\u0151l"},"content":{"rendered":"<p><strong>\u00c1prilis 7-\u00e9n, p\u00e9nteken az InfoR\u00e1di\u00f3ban<\/strong> (m\u0171sorvezet\u0151: Seres Gerda) Hamar Zsolt zeneigazgat\u00f3 \u00e9s Herboly Domonkos f\u0151igazgat\u00f3 besz\u00e9lt a jelenlegi helyzetr\u0151l \u00e9s a Nemzeti Filharmonikusok j\u00f6v\u0151j\u00e9r\u0151l.<\/p>\n<p>A besz\u00e1mol\u00f3 <a href=\"http:\/\/inforadio.hu\/kultura\/2017\/04\/08\/uj_dolgok_jonnek_a_filharmonikusoknal_kocsis_zoltan_halala_utan\/\">itt<\/a> olvashat\u00f3 el, az interj\u00fa pedig az al\u00e1bbi linkeken is visszahallgathat\u00f3:<\/p>\n<p><iframe loading=\"lazy\" title=\"Hamar Zsolt zeneigazgat\u00f3 \u00e9s Herboly Domonkos f\u0151igazgat\u00f3 az InfoR\u00e1di\u00f3ban (2017.04.07.) - 1. r\u00e9sz by Nemzeti Filharmonikusok\" width=\"640\" height=\"400\" scrolling=\"no\" frameborder=\"no\" src=\"https:\/\/w.soundcloud.com\/player\/?visual=true&#038;url=https%3A%2F%2Fapi.soundcloud.com%2Ftracks%2F316999439&#038;show_artwork=true&#038;maxheight=960&#038;maxwidth=640\"><\/iframe><\/p>\n<p><iframe loading=\"lazy\" title=\"Hamar Zsolt zeneigazgat\u00f3 \u00e9s Herboly Domonkos f\u0151igazgat\u00f3 az InfoR\u00e1di\u00f3ban (2017.04.07.) - 2. r\u00e9sz by Nemzeti Filharmonikusok\" width=\"640\" height=\"400\" scrolling=\"no\" frameborder=\"no\" src=\"https:\/\/w.soundcloud.com\/player\/?visual=true&#038;url=https%3A%2F%2Fapi.soundcloud.com%2Ftracks%2F316999682&#038;show_artwork=true&#038;maxheight=960&#038;maxwidth=640\"><\/iframe><br \/>\n<strong>\u00c1prilis 8-\u00e1n, szombaton Hamar Zsolt pedig a Fidelio Klasszik m\u0171sorban<\/strong> v\u00e1zolt n\u00e9h\u00e1ny elk\u00e9pzel\u00e9st, koncepci\u00f3t, v\u00e1ltoz\u00e1st a j\u00f6v\u0151t illet\u0151en. Hogyan fog ez a v\u00e1ltoz\u00e1s elindulni, mit fog ebb\u0151l k\u00f6z\u00f6ns\u00e9g\u00fcnk \u00e9szlelni? Az interj\u00fa ezekre a k\u00e9rd\u00e9sekre ad v\u00e1laszokat:<\/p>\n<p><iframe loading=\"lazy\" title=\"Hamar Zsolt zeneigazgat\u00f3 a Fidelio Klasszik 2017. 04. 08-i ad\u00e1s\u00e1ban by Nemzeti Filharmonikusok\" width=\"640\" height=\"400\" scrolling=\"no\" frameborder=\"no\" src=\"https:\/\/w.soundcloud.com\/player\/?visual=true&#038;url=https%3A%2F%2Fapi.soundcloud.com%2Ftracks%2F316983359&#038;show_artwork=true&#038;maxheight=960&#038;maxwidth=640\"><\/iframe><\/p>\n<p><strong>Budapest, 2017. \u00e1prilis 10., h\u00e9tf\u0151 (MTI) \u00ad- Alapvet\u0151 c\u00e9l min\u00e9l t\u00f6bb emberhez min\u00e9l t\u00f6bbf\u00e9le m\u00f3don eljuttatni a zen\u00e9t \u00ad- mondta el Hamar Zsolt Liszt Ferenc\u00ad-d\u00edjas karmester, a Nemzeti Filharmonikusok m\u00e1rciusban kinevezett zeneigazgat\u00f3ja az MTI\u00ad-nek.<\/strong><\/p>\n<p>Hamar Zsolt kiemelte: nagyon szerencs\u00e9snek mondhatja mag\u00e1t, hiszen ifj\u00fa p\u00e1lyakezd\u0151k\u00e9nt v\u00e1lasztotta ki \u0151t Kocsis Zolt\u00e1n a Nemzeti Filharmonikus Zenekar els\u0151 \u00e1lland\u00f3 karmester\u00e9v\u00e9 \u00e9s h\u00e9t \u00e9ven \u00e1t napi kapcsolatban, k\u00f6zvetlen munkat\u00e1rsak\u00e9nt dolgozhatott vele, azt\u00e1n k\u00e9s\u0151bb is koll\u00e9g\u00e1jak\u00e9nt. \u00c9ppen ez\u00e9rt \u00fagy gondolja, hogy \u00e9rti Kocsis Zolt\u00e1n zenei gondolkod\u00e1s\u00e1nak alapelemeit, s ez alapj\u00e1n akarja tenni \u0151 is a dolg\u00e1t. &#8220;Sz\u00e1momra tulajdonk\u00e9ppen ez volt az anyatej, ez v\u00e1lt zenei gondolkod\u00e1som alapjaiv\u00e1&#8221; \u00ad- hangs\u00falyozta.<br \/>\nA zeneigazgat\u00f3 felid\u00e9zte: Kocsis Zolt\u00e1n egyik utols\u00f3 besz\u00e9lget\u00e9s\u00fck\u00f6n azt hangs\u00falyozta, hogy senki se akarjon valaki m\u00e1st ut\u00e1nozni, a legf\u0151bb dolgunk az \u00e9letben \u00f6nmagunk megtal\u00e1l\u00e1sa. Kinevette azokat, akik \u0151t pr\u00f3b\u00e1lt\u00e1k m\u00e1solni, hiszen azt tartotta \u00e9rt\u00e9kesnek, ha az ember \u00f6nmag\u00e1t alak\u00edtja ki. &#8220;Ilyen szempontb\u00f3l azt tudom mondani, hogy megpr\u00f3b\u00e1lom a saj\u00e1t utamat j\u00e1rni, amiben \u00e9n hiszek&#8221;.<br \/>\nHozz\u00e1tette: az ut\u00f3bbi h\u00f3napok arr\u00f3l sz\u00f3ltak, hogy mindenki pr\u00f3b\u00e1lta megfogalmazni Kocsis Zolt\u00e1n nagys\u00e1g\u00e1t, zsenialit\u00e1s\u00e1t. &#8220;Ez el\u00e9g irre\u00e1lis, ha k\u00e9pesek lenn\u00e9nk r\u00e1, akkor tal\u00e1n arra is k\u00e9pesek lenn\u00e9nk, amit \u0151 tett, de ez nem \u00edgy van&#8221; -\u00ad fogalmazott, hozz\u00e1f\u0171zve: Kocsis Zolt\u00e1n a zen\u00e9nek minden alkot\u00f3elem\u00e9t egyform\u00e1n, egyed\u00fcl\u00e1ll\u00f3an magas szinten l\u00e1tta \u00e9s volt k\u00e9pes l\u00e1ttatni el\u0151ad\u00f3m\u0171v\u00e9szk\u00e9nt. Ezzel p\u00e1rosul\u00f3 fantasztikus asszoci\u00e1ci\u00f3s k\u00e9pess\u00e9g\u00e9vel olyan t\u00e1g horizontot, olyan egyed\u00fcl\u00e1ll\u00f3 koordin\u00e1ci\u00f3s rendszert hozott l\u00e9tre, amelyben nagyon \u00e9les logika ment\u00e9n tudott k\u00f6zlekedni. Az \u0151 zeneis\u00e9ge \u00e9ppen ez\u00e9rt purit\u00e1n, sz\u00e1raz, szik\u00e1r, \u00e9lettel teli, de ink\u00e1bb aszketikus zen\u00e9l\u00e9s volt \u00e9s a befogad\u00e1s kev\u00e9sb\u00e9 \u00e9rdekelte -\u00ad fogalmazott.<br \/>\nHamar Zsolt r\u00e1mutatott: sz\u00e1m\u00e1ra nagyon fontos, hogy a k\u00f6z\u00f6ns\u00e9g \u00e9rti-\u00ade a zen\u00e9t, siker\u00fcl\u00ad-e \u00e1tadni, el\u00e9rni a hat\u00e1st, amit akarnak. Az olcs\u00f3 hat\u00e1svad\u00e1szattal kapcsolatban \u00fagy v\u00e9lekedett: ez abb\u00f3l eredeztethet\u0151, hogy alapvet\u0151 zenei alapt\u00f6rv\u00e9nyeket elhanyagolnak \u00e9s nem akarnak annak megfelelni a hat\u00e1s \u00e9rdek\u00e9ben. &#8220;Azt rem\u00e9lem, hogy a zeneszerz\u00e9s diplom\u00e1m, a zeneszerz\u0151i gondolkod\u00e1som, agyam nem is engedi, hogy ne a partit\u00fara legkisebb elem\u00e9b\u0151l \u00e9p\u00edtkezve \u00e9s annak minden t\u00f6rv\u00e9nyszer\u0171s\u00e9g\u00e9t \u00e9s komplexit\u00e1s\u00e1t ne \u00e1lland\u00f3an szem el\u0151tt tartva alak\u00edtsam ki az interpret\u00e1ci\u00f3mat&#8221; \u00ad- fogalmazott.<br \/>\nMint mondta, \u00e9rdekes \u00e9vadtervet kapott k\u00e9zhez, ami mennyis\u00e9g\u00e9t tekintve t\u00f6bb\u00e9\u00ad-kev\u00e9sb\u00e9 megvolt, strukt\u00far\u00e1j\u00e1t tekintve pedig nem. &#8220;Bizonyos j\u00f3les\u0151 megel\u00e9gedetts\u00e9ggel azt mondhatom, hogy munkat\u00e1rsaimmal egy\u00fctt j\u00f3 munk\u00e1t v\u00e9gezt\u00fcnk, mert az \u00f6r\u00f6k\u00f6lt \u00e9vad majd minden elem\u00e9t be tudtuk \u00e9p\u00edteni a koncepci\u00f3mba&#8221;. Ism\u00e9t lesznek b\u00e9rletek \u00e9s alapvet\u0151 c\u00e9l, hogy min\u00e9l t\u00f6bb emberhez, min\u00e9l t\u00f6bbf\u00e9le m\u00f3don eljussunk -\u00ad hangs\u00falyozta.<br \/>\nA zeneigazgat\u00f3 azt is k\u00f6z\u00f6lte, hogy szem\u00e9lyi \u00e1talak\u00edt\u00e1sok nem lesznek a zenekarban, egy korszakos g\u00e9niusz \u00e1ltal \u00f6sszev\u00e1logatott egy\u00fcttest kapott, ami \u00fagy j\u00f3, ahogy van.<br \/>\nA zeneigazgat\u00f3i posztra val\u00f3 felk\u00e9r\u00e9st megkapva &#8220;\u00f6r\u00f6m, boldogs\u00e1g, megtiszteltet\u00e9s, izgatotts\u00e1g, f\u00e9lelem&#8221; fogta el egyszerre, s nem is adott azonnal v\u00e1laszt, de a zen\u00e9szekt\u0151l kapott biztat\u00e1s \u00e9s pozit\u00edv b\u00e1tor\u00edt\u00e1s \u00f3ri\u00e1si er\u0151t adott sz\u00e1m\u00e1ra.<\/p>\n<p>(Nyit\u00f3k\u00e9p: MTI\/Balogh Zolt\u00e1n)<\/p>\n","protected":false},"excerpt":{"rendered":"<p>\u00c1prilis 7-\u00e9n, p\u00e9nteken az InfoR\u00e1di\u00f3ban (m\u0171sorvezet\u0151: Seres Gerda) Hamar Zsolt zeneigazgat\u00f3 \u00e9s Herboly Domonkos f\u0151igazgat\u00f3 besz\u00e9lt a jelenlegi helyzetr\u0151l \u00e9s a Nemzeti Filharmonikusok j\u00f6v\u0151j\u00e9r\u0151l. A besz\u00e1mol\u00f3 itt olvashat\u00f3 el, az interj\u00fa pedig az al\u00e1bbi linkeken is visszahallgathat\u00f3: \u00c1prilis 8-\u00e1n, szombaton Hamar Zsolt pedig a Fidelio Klasszik m\u0171sorban v\u00e1zolt n\u00e9h\u00e1ny elk\u00e9pzel\u00e9st, koncepci\u00f3t, v\u00e1ltoz\u00e1st a j\u00f6v\u0151t illet\u0151en. [&hellip;]<\/p>\n","protected":false},"author":1,"featured_media":101066,"comment_status":"closed","ping_status":"open","sticky":false,"template":"","format":"standard","meta":{"_acf_changed":false,"_monsterinsights_skip_tracking":false,"_monsterinsights_sitenote_active":false,"_monsterinsights_sitenote_note":"","_monsterinsights_sitenote_category":0,"footnotes":""},"categories":[4],"tags":[],"class_list":["post-101057","post","type-post","status-publish","format-standard","has-post-thumbnail","hentry","category-hirek"],"better_featured_image":{"id":101066,"alt_text":"","caption":"Budapest, 2017. \u00e1prilis 3.\nHamar Zsolt, Liszt Ferenc-d\u00edjas karmester, zeneszerz\u00f5, a Nemzeti Filharmonikusok \u00faj zeneigazgat\u00f3ja a f\u00f5v\u00e1rosi M\u00fbv\u00e9szetek Palot\u00e1ja (M\u00fcpa) el\u00f5tt 2017. \u00e1prilis 3-\u00e1n.\nMTI Fot\u00f3: Balogh Zolt\u00e1n","description":"","media_type":"image","media_details":{"width":4736,"height":3152,"file":"2017\/04\/foto@MTI_Balogh-Zoltan_HZS2.jpg","sizes":{"thumbnail":{"file":"foto@MTI_Balogh-Zoltan_HZS2-150x150.jpg","width":150,"height":150,"mime-type":"image\/jpeg","source_url":"https:\/\/www.filharmonikusok.hu\/wp-content\/uploads\/2017\/04\/foto@MTI_Balogh-Zoltan_HZS2-150x150.jpg"},"medium":{"file":"foto@MTI_Balogh-Zoltan_HZS2-300x200.jpg","width":300,"height":200,"mime-type":"image\/jpeg","source_url":"https:\/\/www.filharmonikusok.hu\/wp-content\/uploads\/2017\/04\/foto@MTI_Balogh-Zoltan_HZS2-300x200.jpg"},"medium_large":{"file":"foto@MTI_Balogh-Zoltan_HZS2-768x511.jpg","width":768,"height":511,"mime-type":"image\/jpeg","source_url":"https:\/\/www.filharmonikusok.hu\/wp-content\/uploads\/2017\/04\/foto@MTI_Balogh-Zoltan_HZS2-768x511.jpg"},"large":{"file":"foto@MTI_Balogh-Zoltan_HZS2-1024x682.jpg","width":1024,"height":682,"mime-type":"image\/jpeg","source_url":"https:\/\/www.filharmonikusok.hu\/wp-content\/uploads\/2017\/04\/foto@MTI_Balogh-Zoltan_HZS2-1024x682.jpg"},"person-size":{"file":"foto@MTI_Balogh-Zoltan_HZS2-165x165.jpg","width":165,"height":165,"mime-type":"image\/jpeg","source_url":"https:\/\/www.filharmonikusok.hu\/wp-content\/uploads\/2017\/04\/foto@MTI_Balogh-Zoltan_HZS2-165x165.jpg"},"album-size":{"file":"foto@MTI_Balogh-Zoltan_HZS2-263x263.jpg","width":263,"height":263,"mime-type":"image\/jpeg","source_url":"https:\/\/www.filharmonikusok.hu\/wp-content\/uploads\/2017\/04\/foto@MTI_Balogh-Zoltan_HZS2-263x263.jpg"},"news-lead-size":{"file":"foto@MTI_Balogh-Zoltan_HZS2-360x203.jpg","width":360,"height":203,"mime-type":"image\/jpeg","source_url":"https:\/\/www.filharmonikusok.hu\/wp-content\/uploads\/2017\/04\/foto@MTI_Balogh-Zoltan_HZS2-360x203.jpg"},"director-index-size":{"file":"foto@MTI_Balogh-Zoltan_HZS2-359x450.jpg","width":359,"height":450,"mime-type":"image\/jpeg","source_url":"https:\/\/www.filharmonikusok.hu\/wp-content\/uploads\/2017\/04\/foto@MTI_Balogh-Zoltan_HZS2-359x450.jpg"},"person-lead-size":{"file":"foto@MTI_Balogh-Zoltan_HZS2-555x555.jpg","width":555,"height":555,"mime-type":"image\/jpeg","source_url":"https:\/\/www.filharmonikusok.hu\/wp-content\/uploads\/2017\/04\/foto@MTI_Balogh-Zoltan_HZS2-555x555.jpg"},"slider-size":{"file":"foto@MTI_Balogh-Zoltan_HZS2-1600x722.jpg","width":1600,"height":722,"mime-type":"image\/jpeg","source_url":"https:\/\/www.filharmonikusok.hu\/wp-content\/uploads\/2017\/04\/foto@MTI_Balogh-Zoltan_HZS2-1600x722.jpg"}},"image_meta":{"aperture":"0","credit":"MTI\/MTVA","camera":"","caption":"Budapest, 2017. \u00e1prilis 3.\r\nHamar Zsolt, Liszt Ferenc-d\u00edjas karmester, zeneszerz\u00f5, a Nemzeti Filharmonikusok \u00faj zeneigazgat\u00f3ja a f\u00f5v\u00e1rosi M\u00fbv\u00e9szetek Palot\u00e1ja (M\u00fcpa) el\u00f5tt 2017. \u00e1prilis 3-\u00e1n.\r\nMTI Fot\u00f3: Balogh Zolt\u00e1n","created_timestamp":"1491234634","copyright":"MTVA - M\u00e9diaszolg\u00e1ltat\u00e1s-t\u00e1mogat\u00f3 \u00e9s Vagyonkezel\u00f5 Alap","focal_length":"0","iso":"0","shutter_speed":"0","title":"Hamar Zsolt","orientation":"1","keywords":["FOT\u00d3","karmester","K\u00c9PKIV\u00c1G\u00c1S","K\u00f6z\u00e9leti szem\u00e9lyis\u00e9g foglalkoz\u00e1sa","laza arck\u00e9p, portr\u00e9","m\u00fbv\u00e9sz","SZEM\u00c9LY","zeneigazgat\u00f3","zeneszerz\u00f5"]}},"post":null,"source_url":"https:\/\/www.filharmonikusok.hu\/wp-content\/uploads\/2017\/04\/foto@MTI_Balogh-Zoltan_HZS2.jpg"},"translation":{"provider":"WPGlobus","version":"3.0.2","language":"en","enabled_languages":["hu","en"],"languages":{"hu":{"title":true,"content":true,"excerpt":false},"en":{"title":false,"content":false,"excerpt":false}}},"acf":{"lead_szoveg":"A zeneigazgat\u00f3 \u00e9s f\u0151igazgat\u00f3 az InfoR\u00e1di\u00f3ban, Hamar Zsolt pedig a Fidelio Klasszik m\u0171sorban \u00e9s az MTI-nek is besz\u00e9lt elk\u00e9pzel\u00e9seir\u0151l."},"publishpress_future_action":{"enabled":false,"date":"2026-05-07 00:03:57","action":"change-status","newStatus":"draft","terms":[],"taxonomy":"category","extraData":[]},"publishpress_future_workflow_manual_trigger":{"enabledWorkflows":[]},"_links":{"self":[{"href":"https:\/\/www.filharmonikusok.hu\/en\/wp-json\/wp\/v2\/posts\/101057","targetHints":{"allow":["GET"]}}],"collection":[{"href":"https:\/\/www.filharmonikusok.hu\/en\/wp-json\/wp\/v2\/posts"}],"about":[{"href":"https:\/\/www.filharmonikusok.hu\/en\/wp-json\/wp\/v2\/types\/post"}],"author":[{"embeddable":true,"href":"https:\/\/www.filharmonikusok.hu\/en\/wp-json\/wp\/v2\/users\/1"}],"replies":[{"embeddable":true,"href":"https:\/\/www.filharmonikusok.hu\/en\/wp-json\/wp\/v2\/comments?post=101057"}],"version-history":[{"count":13,"href":"https:\/\/www.filharmonikusok.hu\/en\/wp-json\/wp\/v2\/posts\/101057\/revisions"}],"predecessor-version":[{"id":101071,"href":"https:\/\/www.filharmonikusok.hu\/en\/wp-json\/wp\/v2\/posts\/101057\/revisions\/101071"}],"wp:featuredmedia":[{"embeddable":true,"href":"https:\/\/www.filharmonikusok.hu\/en\/wp-json\/wp\/v2\/media\/101066"}],"wp:attachment":[{"href":"https:\/\/www.filharmonikusok.hu\/en\/wp-json\/wp\/v2\/media?parent=101057"}],"wp:term":[{"taxonomy":"category","embeddable":true,"href":"https:\/\/www.filharmonikusok.hu\/en\/wp-json\/wp\/v2\/categories?post=101057"},{"taxonomy":"post_tag","embeddable":true,"href":"https:\/\/www.filharmonikusok.hu\/en\/wp-json\/wp\/v2\/tags?post=101057"}],"curies":[{"name":"wp","href":"https:\/\/api.w.org\/{rel}","templated":true}]}}