{"id":101035,"date":"2017-04-07T12:53:48","date_gmt":"2017-04-07T12:53:48","guid":{"rendered":"http:\/\/www.filharmonikusok.hu\/?p=101035"},"modified":"2017-09-25T15:39:00","modified_gmt":"2017-09-25T15:39:00","slug":"hamar-zsolt-zeneigazgato-jovobeni-tervekrol","status":"publish","type":"post","link":"https:\/\/www.filharmonikusok.hu\/en\/hamar-zsolt-zeneigazgato-jovobeni-tervekrol\/","title":{"rendered":"Hamar Zsolt zeneigazgat\u00f3 a j\u00f6v\u0151beni tervekr\u0151l"},"content":{"rendered":"<div>Hamar Zsolt zeneigazgat\u00f3 az \u00e1prilis 6-i Ma reggel c\u00edm\u0171 m\u0171sorban az M5 csatorna vend\u00e9ge volt, ahol F\u00e1bi\u00e1n Barna k\u00e9rdezte a j\u00f6v\u0151beli tervekr\u0151l \u00e9s az \u00e1tvett \u00f6r\u00f6ks\u00e9gr\u0151l. A besz\u00e9lget\u00e9s 6:14 perct\u0151l kezd\u0151dik.<\/div>\n<div><\/div>\n<div><\/div>\n<div><\/div>\n<p><\/p>\n<div><a href=\"http:\/\/www.mediaklikk.hu\/video\/ma-reggel-2017-04-06-i-adas-6\/\">http:\/\/www.mediaklikk.hu\/video\/ma-reggel-2017-04-06-i-adas-6\/<\/a><\/div>\n<p><\/p>\n<div><\/div>\n<div><\/div>\n<div>Az Esti k\u00e9rd\u00e9s c\u00edm\u0171 m\u0171sorban pedig b\u0151vebben besz\u00e9lt a Nemzeti Filharmonikusok saj\u00e1tos hangz\u00e1s\u00e1r\u00f3l, a muzsikusokkal \u00e9s karmesterekkel val\u00f3 szem\u00e9lyes kapcsol\u00f3d\u00e1s\u00e1r\u00f3l. M\u0171sorvezet\u0151: Sipos Szilvia.<\/div>\n<div><\/div>\n<p><\/p>\n<div><a href=\"http:\/\/www.mediaklikk.hu\/video\/esti-kerdes-2017-04-06-i-adas\/\">http:\/\/www.mediaklikk.hu\/video\/esti-kerdes-2017-04-06-i-adas\/<\/a><\/div>\n","protected":false},"excerpt":{"rendered":"<p>Hamar Zsolt zeneigazgat\u00f3 az \u00e1prilis 6-i Ma reggel c\u00edm\u0171 m\u0171sorban az M5 csatorna vend\u00e9ge volt, ahol F\u00e1bi\u00e1n Barna k\u00e9rdezte a j\u00f6v\u0151beli tervekr\u0151l \u00e9s az \u00e1tvett \u00f6r\u00f6ks\u00e9gr\u0151l. A besz\u00e9lget\u00e9s 6:14 perct\u0151l kezd\u0151dik. http:\/\/www.mediaklikk.hu\/video\/ma-reggel-2017-04-06-i-adas-6\/ Az Esti k\u00e9rd\u00e9s c\u00edm\u0171 m\u0171sorban pedig b\u0151vebben besz\u00e9lt a Nemzeti Filharmonikusok saj\u00e1tos hangz\u00e1s\u00e1r\u00f3l, a muzsikusokkal \u00e9s karmesterekkel val\u00f3 szem\u00e9lyes kapcsol\u00f3d\u00e1s\u00e1r\u00f3l. M\u0171sorvezet\u0151: Sipos Szilvia. [&hellip;]<\/p>\n","protected":false},"author":1,"featured_media":101043,"comment_status":"closed","ping_status":"open","sticky":false,"template":"","format":"standard","meta":{"_acf_changed":false,"_monsterinsights_skip_tracking":false,"_monsterinsights_sitenote_active":false,"_monsterinsights_sitenote_note":"","_monsterinsights_sitenote_category":0,"footnotes":""},"categories":[4],"tags":[],"class_list":["post-101035","post","type-post","status-publish","format-standard","has-post-thumbnail","hentry","category-hirek"],"better_featured_image":{"id":101043,"alt_text":"","caption":"","description":"","media_type":"image","media_details":{"width":1917,"height":1079,"file":"2017\/04\/Hamar-Zsolt-m1.jpg","sizes":{"thumbnail":{"file":"Hamar-Zsolt-m1-150x150.jpg","width":150,"height":150,"mime-type":"image\/jpeg","source_url":"https:\/\/www.filharmonikusok.hu\/wp-content\/uploads\/2017\/04\/Hamar-Zsolt-m1-150x150.jpg"},"medium":{"file":"Hamar-Zsolt-m1-300x169.jpg","width":300,"height":169,"mime-type":"image\/jpeg","source_url":"https:\/\/www.filharmonikusok.hu\/wp-content\/uploads\/2017\/04\/Hamar-Zsolt-m1-300x169.jpg"},"medium_large":{"file":"Hamar-Zsolt-m1-768x432.jpg","width":768,"height":432,"mime-type":"image\/jpeg","source_url":"https:\/\/www.filharmonikusok.hu\/wp-content\/uploads\/2017\/04\/Hamar-Zsolt-m1-768x432.jpg"},"large":{"file":"Hamar-Zsolt-m1-1024x576.jpg","width":1024,"height":576,"mime-type":"image\/jpeg","source_url":"https:\/\/www.filharmonikusok.hu\/wp-content\/uploads\/2017\/04\/Hamar-Zsolt-m1-1024x576.jpg"},"person-size":{"file":"Hamar-Zsolt-m1-165x165.jpg","width":165,"height":165,"mime-type":"image\/jpeg","source_url":"https:\/\/www.filharmonikusok.hu\/wp-content\/uploads\/2017\/04\/Hamar-Zsolt-m1-165x165.jpg"},"album-size":{"file":"Hamar-Zsolt-m1-263x263.jpg","width":263,"height":263,"mime-type":"image\/jpeg","source_url":"https:\/\/www.filharmonikusok.hu\/wp-content\/uploads\/2017\/04\/Hamar-Zsolt-m1-263x263.jpg"},"news-lead-size":{"file":"Hamar-Zsolt-m1-360x203.jpg","width":360,"height":203,"mime-type":"image\/jpeg","source_url":"https:\/\/www.filharmonikusok.hu\/wp-content\/uploads\/2017\/04\/Hamar-Zsolt-m1-360x203.jpg"},"director-index-size":{"file":"Hamar-Zsolt-m1-359x450.jpg","width":359,"height":450,"mime-type":"image\/jpeg","source_url":"https:\/\/www.filharmonikusok.hu\/wp-content\/uploads\/2017\/04\/Hamar-Zsolt-m1-359x450.jpg"},"person-lead-size":{"file":"Hamar-Zsolt-m1-555x555.jpg","width":555,"height":555,"mime-type":"image\/jpeg","source_url":"https:\/\/www.filharmonikusok.hu\/wp-content\/uploads\/2017\/04\/Hamar-Zsolt-m1-555x555.jpg"},"slider-size":{"file":"Hamar-Zsolt-m1-1600x722.jpg","width":1600,"height":722,"mime-type":"image\/jpeg","source_url":"https:\/\/www.filharmonikusok.hu\/wp-content\/uploads\/2017\/04\/Hamar-Zsolt-m1-1600x722.jpg"}},"image_meta":{"aperture":"0","credit":"","camera":"","caption":"","created_timestamp":"0","copyright":"","focal_length":"0","iso":"0","shutter_speed":"0","title":"","orientation":"0","keywords":[]}},"post":null,"source_url":"https:\/\/www.filharmonikusok.hu\/wp-content\/uploads\/2017\/04\/Hamar-Zsolt-m1.jpg"},"translation":{"provider":"WPGlobus","version":"3.0.2","language":"en","enabled_languages":["hu","en"],"languages":{"hu":{"title":true,"content":true,"excerpt":false},"en":{"title":false,"content":false,"excerpt":false}}},"acf":{"lead_szoveg":"Az M5 csatorn\u00e1n k\u00e9t m\u0171sor vend\u00e9gek\u00e9nt besz\u00e9lt az \u00f6r\u00f6ks\u00e9g folytat\u00e1s\u00e1r\u00f3l \u00e9s az \u00faj tervekr\u0151l."},"publishpress_future_action":{"enabled":false,"date":"2026-05-08 16:01:27","action":"change-status","newStatus":"draft","terms":[],"taxonomy":"category","extraData":[]},"publishpress_future_workflow_manual_trigger":{"enabledWorkflows":[]},"_links":{"self":[{"href":"https:\/\/www.filharmonikusok.hu\/en\/wp-json\/wp\/v2\/posts\/101035","targetHints":{"allow":["GET"]}}],"collection":[{"href":"https:\/\/www.filharmonikusok.hu\/en\/wp-json\/wp\/v2\/posts"}],"about":[{"href":"https:\/\/www.filharmonikusok.hu\/en\/wp-json\/wp\/v2\/types\/post"}],"author":[{"embeddable":true,"href":"https:\/\/www.filharmonikusok.hu\/en\/wp-json\/wp\/v2\/users\/1"}],"replies":[{"embeddable":true,"href":"https:\/\/www.filharmonikusok.hu\/en\/wp-json\/wp\/v2\/comments?post=101035"}],"version-history":[{"count":10,"href":"https:\/\/www.filharmonikusok.hu\/en\/wp-json\/wp\/v2\/posts\/101035\/revisions"}],"predecessor-version":[{"id":101045,"href":"https:\/\/www.filharmonikusok.hu\/en\/wp-json\/wp\/v2\/posts\/101035\/revisions\/101045"}],"wp:featuredmedia":[{"embeddable":true,"href":"https:\/\/www.filharmonikusok.hu\/en\/wp-json\/wp\/v2\/media\/101043"}],"wp:attachment":[{"href":"https:\/\/www.filharmonikusok.hu\/en\/wp-json\/wp\/v2\/media?parent=101035"}],"wp:term":[{"taxonomy":"category","embeddable":true,"href":"https:\/\/www.filharmonikusok.hu\/en\/wp-json\/wp\/v2\/categories?post=101035"},{"taxonomy":"post_tag","embeddable":true,"href":"https:\/\/www.filharmonikusok.hu\/en\/wp-json\/wp\/v2\/tags?post=101035"}],"curies":[{"name":"wp","href":"https:\/\/api.w.org\/{rel}","templated":true}]}}