{"id":100656,"date":"2017-02-19T16:32:56","date_gmt":"2017-02-19T16:32:56","guid":{"rendered":"http:\/\/www.filharmonikusok.hu\/?p=100656"},"modified":"2017-02-19T16:32:56","modified_gmt":"2017-02-19T16:32:56","slug":"spanyolorszagban-turnezik-zenekar","status":"publish","type":"post","link":"https:\/\/www.filharmonikusok.hu\/en\/spanyolorszagban-turnezik-zenekar\/","title":{"rendered":"Spanyolorsz\u00e1gban turn\u00e9zik a zenekar"},"content":{"rendered":"<hr \/>\n<div>Vas\u00e1rnapt\u00f3l n\u00e9gy hangversenyt adnak Spanyolorsz\u00e1gban a Nemzeti Filharmonikusok Kov\u00e1cs J\u00e1nos vez\u00e9nylet\u00e9vel. Els\u0151 koncertj\u00fck Giron\u00e1ban, az Auditori de Girona hangversenyterm\u00e9ben csend\u00fcl fel, m\u00e1snap a barcelonai L&#8217;Auditoriban, kedden az Auditori de Zaragoz\u00e1ban, febru\u00e1r 22-\u00e9n pedig a madridi Auditorio Nacionalban l\u00e9pnek sz\u00ednpadra &#8211; k\u00f6z\u00f6lt\u00e9k a Nemzeti Filharmonikusok szerd\u00e1n az MTI-vel.<\/div>\n<div>A m\u0171sorban Haydn Esz-d\u00far trombitaversenye hangzik el Mireia Farr\u00e9s trombitam\u0171v\u00e9sz k\u00f6zrem\u0171k\u00f6d\u00e9s\u00e9vel, R\u00e1nki Dezs\u0151 el\u0151ad\u00e1s\u00e1ban Mozart Esz-d\u00far zongoraversenye sz\u00f3lal meg, \u00e9s a programot Mozart C-d\u00far &#8220;Jupiter&#8221; szimf\u00f3ni\u00e1ja z\u00e1rja. Mireira Farr\u00e9s k\u00e9r\u00e9s\u00e9re Kocsis Zolt\u00e1n eml\u00e9k\u00e9re a hangverseny elej\u00e9n Schubert Ave Maria c\u00edm\u0171 m\u0171v\u00e9nek zenekari k\u00eds\u00e9retes, trombitasz\u00f3l\u00f3s v\u00e1ltozata is felcsend\u00fcl.<\/div>\n<div>A Nemzeti Filharmonikusok legut\u00f3bb 2014-ben j\u00e1rtak Spanyolorsz\u00e1gban az Agencia Camera \u00fcgyn\u00f6ks\u00e9g megh\u00edv\u00e1s\u00e1ra, amellyel mintegy k\u00e9t \u00e9vtizedes j\u00f3 kapcsolatot \u00e1polnak. Akkor Kocsis Zolt\u00e1n vezette az egy\u00fcttest \u00e9s n\u00e9gy v\u00e1rosban (Vitoria, Lleida, Girona \u00e9s Barcelona) adtak nagy siker\u0171, r\u00e1ad\u00e1sokkal teli hangversenyeket.<\/div>\n<div>A magyar k\u00f6z\u00f6ns\u00e9g a Nemzeti Filharmonikusokat legk\u00f6zelebb m\u00e1rcius 5-\u00e9n a Zeneakad\u00e9mia nagyterm\u00e9ben hallhatja a Kod\u00e1ly Zolt\u00e1n-eml\u00e9kkoncerten.<\/div>\n","protected":false},"excerpt":{"rendered":"<p>Vas\u00e1rnapt\u00f3l n\u00e9gy hangversenyt adnak Spanyolorsz\u00e1gban a Nemzeti Filharmonikusok Kov\u00e1cs J\u00e1nos vez\u00e9nylet\u00e9vel. Els\u0151 koncertj\u00fck Giron\u00e1ban, az Auditori de Girona hangversenyterm\u00e9ben csend\u00fcl fel, m\u00e1snap a barcelonai L&#8217;Auditoriban, kedden az Auditori de Zaragoz\u00e1ban, febru\u00e1r 22-\u00e9n pedig a madridi Auditorio Nacionalban l\u00e9pnek sz\u00ednpadra &#8211; k\u00f6z\u00f6lt\u00e9k a Nemzeti Filharmonikusok szerd\u00e1n az MTI-vel. A m\u0171sorban Haydn Esz-d\u00far trombitaversenye hangzik el Mireia [&hellip;]<\/p>\n","protected":false},"author":3,"featured_media":100659,"comment_status":"closed","ping_status":"open","sticky":false,"template":"","format":"standard","meta":{"_acf_changed":false,"_monsterinsights_skip_tracking":false,"_monsterinsights_sitenote_active":false,"_monsterinsights_sitenote_note":"","_monsterinsights_sitenote_category":0,"footnotes":""},"categories":[4],"tags":[],"class_list":["post-100656","post","type-post","status-publish","format-standard","has-post-thumbnail","hentry","category-hirek"],"better_featured_image":{"id":100659,"alt_text":"","caption":"","description":"von\u00f3sok fot\u00f3: NF? W\u00e1gner Csap\u00f3 J\u00f3zsef","media_type":"image","media_details":{"width":1000,"height":667,"file":"2017\/02\/IMG_4514k.jpg","sizes":{"thumbnail":{"file":"IMG_4514k-150x150.jpg","width":150,"height":150,"mime-type":"image\/jpeg","source_url":"https:\/\/www.filharmonikusok.hu\/wp-content\/uploads\/2017\/02\/IMG_4514k-150x150.jpg"},"medium":{"file":"IMG_4514k-300x200.jpg","width":300,"height":200,"mime-type":"image\/jpeg","source_url":"https:\/\/www.filharmonikusok.hu\/wp-content\/uploads\/2017\/02\/IMG_4514k-300x200.jpg"},"medium_large":{"file":"IMG_4514k-768x512.jpg","width":768,"height":512,"mime-type":"image\/jpeg","source_url":"https:\/\/www.filharmonikusok.hu\/wp-content\/uploads\/2017\/02\/IMG_4514k-768x512.jpg"},"person-size":{"file":"IMG_4514k-165x165.jpg","width":165,"height":165,"mime-type":"image\/jpeg","source_url":"https:\/\/www.filharmonikusok.hu\/wp-content\/uploads\/2017\/02\/IMG_4514k-165x165.jpg"},"album-size":{"file":"IMG_4514k-263x263.jpg","width":263,"height":263,"mime-type":"image\/jpeg","source_url":"https:\/\/www.filharmonikusok.hu\/wp-content\/uploads\/2017\/02\/IMG_4514k-263x263.jpg"},"news-lead-size":{"file":"IMG_4514k-360x203.jpg","width":360,"height":203,"mime-type":"image\/jpeg","source_url":"https:\/\/www.filharmonikusok.hu\/wp-content\/uploads\/2017\/02\/IMG_4514k-360x203.jpg"},"director-index-size":{"file":"IMG_4514k-359x450.jpg","width":359,"height":450,"mime-type":"image\/jpeg","source_url":"https:\/\/www.filharmonikusok.hu\/wp-content\/uploads\/2017\/02\/IMG_4514k-359x450.jpg"},"person-lead-size":{"file":"IMG_4514k-555x555.jpg","width":555,"height":555,"mime-type":"image\/jpeg","source_url":"https:\/\/www.filharmonikusok.hu\/wp-content\/uploads\/2017\/02\/IMG_4514k-555x555.jpg"}},"image_meta":{"aperture":"2.8","credit":"","camera":"Canon EOS 6D","caption":"","created_timestamp":"1458415405","copyright":"","focal_length":"200","iso":"1600","shutter_speed":"0.004","title":"","orientation":"0","keywords":[]}},"post":100656,"source_url":"https:\/\/www.filharmonikusok.hu\/wp-content\/uploads\/2017\/02\/IMG_4514k.jpg"},"translation":{"provider":"WPGlobus","version":"3.0.2","language":"en","enabled_languages":["hu","en"],"languages":{"hu":{"title":true,"content":true,"excerpt":false},"en":{"title":false,"content":false,"excerpt":false}}},"acf":{"lead_szoveg":"MTI h\u00edr  2017. 02. 15. Vas\u00e1rnapt\u00f3l n\u00e9gy hangversenyt adnak Spanyolorsz\u00e1gban a Nemzeti Filharmonikusok Kov\u00e1cs J\u00e1nos vez\u00e9nylet\u00e9vel. "},"publishpress_future_action":{"enabled":false,"date":"2026-05-07 00:03:58","action":"change-status","newStatus":"draft","terms":[],"taxonomy":"category","extraData":[]},"publishpress_future_workflow_manual_trigger":{"enabledWorkflows":[]},"_links":{"self":[{"href":"https:\/\/www.filharmonikusok.hu\/en\/wp-json\/wp\/v2\/posts\/100656","targetHints":{"allow":["GET"]}}],"collection":[{"href":"https:\/\/www.filharmonikusok.hu\/en\/wp-json\/wp\/v2\/posts"}],"about":[{"href":"https:\/\/www.filharmonikusok.hu\/en\/wp-json\/wp\/v2\/types\/post"}],"author":[{"embeddable":true,"href":"https:\/\/www.filharmonikusok.hu\/en\/wp-json\/wp\/v2\/users\/3"}],"replies":[{"embeddable":true,"href":"https:\/\/www.filharmonikusok.hu\/en\/wp-json\/wp\/v2\/comments?post=100656"}],"version-history":[{"count":3,"href":"https:\/\/www.filharmonikusok.hu\/en\/wp-json\/wp\/v2\/posts\/100656\/revisions"}],"predecessor-version":[{"id":100662,"href":"https:\/\/www.filharmonikusok.hu\/en\/wp-json\/wp\/v2\/posts\/100656\/revisions\/100662"}],"wp:featuredmedia":[{"embeddable":true,"href":"https:\/\/www.filharmonikusok.hu\/en\/wp-json\/wp\/v2\/media\/100659"}],"wp:attachment":[{"href":"https:\/\/www.filharmonikusok.hu\/en\/wp-json\/wp\/v2\/media?parent=100656"}],"wp:term":[{"taxonomy":"category","embeddable":true,"href":"https:\/\/www.filharmonikusok.hu\/en\/wp-json\/wp\/v2\/categories?post=100656"},{"taxonomy":"post_tag","embeddable":true,"href":"https:\/\/www.filharmonikusok.hu\/en\/wp-json\/wp\/v2\/tags?post=100656"}],"curies":[{"name":"wp","href":"https:\/\/api.w.org\/{rel}","templated":true}]}}